{"id":12050,"date":"2020-03-23T15:02:51","date_gmt":"2020-03-23T18:02:51","guid":{"rendered":"http:\/\/sjcbancarios.com.br\/site\/?p=12050"},"modified":"2020-03-23T15:02:51","modified_gmt":"2020-03-23T18:02:51","slug":"bolsonaro-revoga-mp-que-permitia-suspensao-de-contrato-por-ate-4-meses","status":"publish","type":"post","link":"https:\/\/sjcbancarios.com.br\/site\/noticias\/bolsonaro-revoga-mp-que-permitia-suspensao-de-contrato-por-ate-4-meses\/","title":{"rendered":"Bolsonaro revoga MP que permitia suspens\u00e3o de contrato por at\u00e9 4 meses"},"content":{"rendered":"<p>Ap\u00f3s repercuss\u00e3o negativa, presidente anunciou pelas redes sociais da medida provis\u00f3ria<br \/>\nBolsonaro estuda medidas econ\u00f4micas para conter crise (foto: SERGIO LIMA\/AFP)<br \/>\nBolsonaro estuda medidas econ\u00f4micas para conter crise(foto: SERGIO LIMA\/AFP)<\/p>\n<p>O presidente Jair Bolsonaro (sem partido) revogou a MP que permitia a suspens\u00e3o de contrato de trabalho por at\u00e9 quatro meses. A informa\u00e7\u00e3o foi divulgada por ele na tarde desta segunda-feira (23) nas redes sociais.<\/p>\n<p>\u201cDeterminei a revoga\u00e7\u00e3o do art.18 da MP 927 que permitia a suspens\u00e3o do contrato de trabalho por at\u00e9 4 meses sem sal\u00e1rio\u201d, escreveu o presidente.<\/p>\n<p style=\"text-align: justify;\">Anteriormente, ao comentar a Medida Provis\u00f3ria (MP) editada na noite deste domingo (22), Bolsonaro disse por meio do Twitter que o governo poderia prestar aux\u00edlio. \u201cEsclarecemos que a referida MP, ao contr\u00e1rio do que espalham, resguarda ajuda poss\u00edvel para os empregados. Ao inv\u00e9s de serem demitidos, o governo entra com ajuda nos pr\u00f3ximos 4 meses, at\u00e9 a volta normal das atividades do estabelecimento, sem que exista a demiss\u00e3o do empregado\u201d, escreveu o presidente. No entanto, o chefe do Executivo n\u00e3o deixou claro como se daria o aux\u00edlio para os empregados atingidos pela medida.<\/p>\n<p>Mais cedo, na sa\u00edda da resid\u00eancia oficial, Bolsonaro disse que a MP \u2018flexibiliza a CLT\u2019. Ele apontou ainda uma outra medida, que permitiria colocar funcion\u00e1rios de f\u00e9rias. Segundo ele, a op\u00e7\u00e3o \u00e9 \u2018melhor do que ser demitido\u2019.<\/p>\n<p style=\"text-align: justify;\">\u201cFlexibiliza mais ainda a CLT. \u00c9 uma maneira de preservar empregos, diminui o tempo do aviso pr\u00e9vio, permite que se entre em f\u00e9rias agora que \u00e9 melhor do que ser demitido. Basicamente, \u00e9 por a\u00ed essa nossa medida. Outras medidas est\u00e3o sendo tomadas como fizemos no final de semana v\u00eddeo com o presidente do BNDES transferindo recurso do PIS\/Pasep para o fundo de garantia. O que n\u00f3s queremos \u00e9 garantir ao povo parte do que ele tem direito. S\u00e3o R$ 55 bilh\u00f5es, visa voc\u00ea redirecionar os seus empr\u00e9stimos, ou melhor d\u00e1 uma novo prazo que esse empr\u00e9stimo seja pago. Abre cr\u00e9dito para empresa. A mesma coisa ser\u00e1 anunciada pela Caixa durante a semana agora. Novidades que s\u00e3o bem vindas obviamente pela situa\u00e7\u00e3o em que o Brasil se encontra\u201d, destacou.<\/p>\n<p style=\"text-align: justify;\">Questionado se a suspens\u00e3o tempor\u00e1ria dos contratos poderia piorar a situa\u00e7\u00e3o de pessoas em vulnerabilidade ou se o governo estuda a libera\u00e7\u00e3o do seguro-desemprego para elas, Bolsonaro voltou a criticar medidas de alguns governadores, como Wilson Witzel, do Rio de Janeiro e Jo\u00e3o Doria, de S\u00e3o Paulo.<\/p>\n<p style=\"text-align: justify;\">\u201cSeguro-desemprego \u00e9 autom\u00e1tico. Ningu\u00e9m est\u00e1 demitindo ningu\u00e9m. O que eu reclamo \u00e9 que algumas autoridades que est\u00e3o ministrando o rem\u00e9dio em excesso que leva ao desemprego\u201d, concluiu.<\/p>\n<p>Fonte: CorreioWeb \/ Contec<\/p>\n","protected":false},"excerpt":{"rendered":"<p class=\"excerpt\">Ap\u00f3s repercuss\u00e3o negativa, presidente anunciou pelas redes sociais da medida provis\u00f3ria Bolsonaro estuda medidas econ\u00f4micas para conter crise (foto: SERGIO LIMA\/AFP) Bolsonaro estuda medidas econ\u00f4micas para conter crise(foto: SERGIO LIMA\/AFP) O presidente Jair Bolsonaro (sem partido) revogou a MP que permitia a suspens\u00e3o de contrato de trabalho por at\u00e9 quatro meses. A informa\u00e7\u00e3o foi divulgada [&hellip;]<\/p>\n","protected":false},"author":2,"featured_media":12051,"comment_status":"closed","ping_status":"closed","sticky":false,"template":"","format":"standard","meta":{"_et_pb_use_builder":"","_et_pb_old_content":"","_et_gb_content_width":"","footnotes":""},"categories":[13],"tags":[],"class_list":["post-12050","post","type-post","status-publish","format-standard","has-post-thumbnail","hentry","category-noticias"],"_links":{"self":[{"href":"https:\/\/sjcbancarios.com.br\/site\/wp-json\/wp\/v2\/posts\/12050","targetHints":{"allow":["GET"]}}],"collection":[{"href":"https:\/\/sjcbancarios.com.br\/site\/wp-json\/wp\/v2\/posts"}],"about":[{"href":"https:\/\/sjcbancarios.com.br\/site\/wp-json\/wp\/v2\/types\/post"}],"author":[{"embeddable":true,"href":"https:\/\/sjcbancarios.com.br\/site\/wp-json\/wp\/v2\/users\/2"}],"replies":[{"embeddable":true,"href":"https:\/\/sjcbancarios.com.br\/site\/wp-json\/wp\/v2\/comments?post=12050"}],"version-history":[{"count":0,"href":"https:\/\/sjcbancarios.com.br\/site\/wp-json\/wp\/v2\/posts\/12050\/revisions"}],"wp:featuredmedia":[{"embeddable":true,"href":"https:\/\/sjcbancarios.com.br\/site\/wp-json\/wp\/v2\/media\/12051"}],"wp:attachment":[{"href":"https:\/\/sjcbancarios.com.br\/site\/wp-json\/wp\/v2\/media?parent=12050"}],"wp:term":[{"taxonomy":"category","embeddable":true,"href":"https:\/\/sjcbancarios.com.br\/site\/wp-json\/wp\/v2\/categories?post=12050"},{"taxonomy":"post_tag","embeddable":true,"href":"https:\/\/sjcbancarios.com.br\/site\/wp-json\/wp\/v2\/tags?post=12050"}],"curies":[{"name":"wp","href":"https:\/\/api.w.org\/{rel}","templated":true}]}}