{"id":12027,"date":"2020-03-22T10:34:03","date_gmt":"2020-03-22T13:34:03","guid":{"rendered":"http:\/\/sjcbancarios.com.br\/site\/?p=12027"},"modified":"2020-03-23T10:37:07","modified_gmt":"2020-03-23T13:37:07","slug":"mpt-defende-a-preservacao-da-empregabilidade-e-do-trabalho-digno-com-a-crise-do-coronavirus","status":"publish","type":"post","link":"https:\/\/sjcbancarios.com.br\/site\/noticias\/mpt-defende-a-preservacao-da-empregabilidade-e-do-trabalho-digno-com-a-crise-do-coronavirus\/","title":{"rendered":"MPT defende a preserva\u00e7\u00e3o da empregabilidade e do trabalho digno com a crise do coronav\u00edrus"},"content":{"rendered":"<p style=\"text-align: justify;\">O Minist\u00e9rio P\u00fablico do Trabalho defendeu, em nota divulgada nesta sexta-feira (20), a preserva\u00e7\u00e3o da empregabilidade e do trabalho digno tamb\u00e9m durante a pandemia do COVID-19. O texto destaca ainda que as medidas a serem adotadas devem levar em conta o di\u00e1logo social e ter a participa\u00e7\u00e3o de entidades de categorias. A institui\u00e7\u00e3o tamb\u00e9m defendeu que as pol\u00edticas p\u00fablicas preservem o poder aquisitivo dos trabalhadores<\/p>\n<p><strong>NOTA P\u00daBLICA<\/strong><\/p>\n<p style=\"text-align: justify;\">O Minist\u00e9rio P\u00fablico do Trabalho, institui\u00e7\u00e3o permanente, essencial \u00e0 fun\u00e7\u00e3o jurisdicional do Estado, incumbindo-lhe a defesa da ordem jur\u00eddica, do regime democr\u00e1tico e dos interesses sociais e individuais indispon\u00edveis nas rela\u00e7\u00f5es de trabalho, bem como de promo\u00e7\u00e3o da dignidade da pessoa humana, entende ser necess\u00e1ria a preserva\u00e7\u00e3o da empregabilidade e do trabalho digno tamb\u00e9m no cen\u00e1rio adverso da pandemia do COVID-19 (coronav\u00edrus) em nosso pa\u00eds.<\/p>\n<p>A preserva\u00e7\u00e3o dos direitos sociais constitui-se instrumento de prote\u00e7\u00e3o do povo brasileiro e da pr\u00f3pria Constitui\u00e7\u00e3o Federal.<\/p>\n<p style=\"text-align: justify;\">Neste contexto, sens\u00edvel tamb\u00e9m a necessidade de preserva\u00e7\u00e3o dos empregos e da pr\u00f3pria exist\u00eancia das empresas em face das repercuss\u00f5es econ\u00f4micas do COVID-19, o Minist\u00e9rio P\u00fablico do Trabalho entende que todas medidas devem ser conjugadas com di\u00e1logo social e participa\u00e7\u00e3o das entidades de categoria e com pol\u00edticas p\u00fablicas de contrapartida social e que garantam a preserva\u00e7\u00e3o do poder aquisitivo dos trabalhadores brasileiros.<\/p>\n<p>O Minist\u00e9rio P\u00fablico do Trabalho continuar\u00e1 sempre aberto \u00e0 sociedade e \u00e0s institui\u00e7\u00f5es governamentais para contribuir no debate de medidas de enfrentamento aos efeitos s\u00f3cioecon\u00f4micos do COVID-19.<\/p>\n<p>Fonte: MPT \/ Contec<\/p>\n","protected":false},"excerpt":{"rendered":"<p class=\"excerpt\">O Minist\u00e9rio P\u00fablico do Trabalho defendeu, em nota divulgada nesta sexta-feira (20), a preserva\u00e7\u00e3o da empregabilidade e do trabalho digno tamb\u00e9m durante a pandemia do COVID-19. O texto destaca ainda que as medidas a serem adotadas devem levar em conta o di\u00e1logo social e ter a participa\u00e7\u00e3o de entidades de categorias. A institui\u00e7\u00e3o tamb\u00e9m defendeu [&hellip;]<\/p>\n","protected":false},"author":2,"featured_media":12028,"comment_status":"closed","ping_status":"closed","sticky":false,"template":"","format":"standard","meta":{"_et_pb_use_builder":"","_et_pb_old_content":"","_et_gb_content_width":"","footnotes":""},"categories":[13],"tags":[],"class_list":["post-12027","post","type-post","status-publish","format-standard","has-post-thumbnail","hentry","category-noticias"],"_links":{"self":[{"href":"https:\/\/sjcbancarios.com.br\/site\/wp-json\/wp\/v2\/posts\/12027","targetHints":{"allow":["GET"]}}],"collection":[{"href":"https:\/\/sjcbancarios.com.br\/site\/wp-json\/wp\/v2\/posts"}],"about":[{"href":"https:\/\/sjcbancarios.com.br\/site\/wp-json\/wp\/v2\/types\/post"}],"author":[{"embeddable":true,"href":"https:\/\/sjcbancarios.com.br\/site\/wp-json\/wp\/v2\/users\/2"}],"replies":[{"embeddable":true,"href":"https:\/\/sjcbancarios.com.br\/site\/wp-json\/wp\/v2\/comments?post=12027"}],"version-history":[{"count":0,"href":"https:\/\/sjcbancarios.com.br\/site\/wp-json\/wp\/v2\/posts\/12027\/revisions"}],"wp:featuredmedia":[{"embeddable":true,"href":"https:\/\/sjcbancarios.com.br\/site\/wp-json\/wp\/v2\/media\/12028"}],"wp:attachment":[{"href":"https:\/\/sjcbancarios.com.br\/site\/wp-json\/wp\/v2\/media?parent=12027"}],"wp:term":[{"taxonomy":"category","embeddable":true,"href":"https:\/\/sjcbancarios.com.br\/site\/wp-json\/wp\/v2\/categories?post=12027"},{"taxonomy":"post_tag","embeddable":true,"href":"https:\/\/sjcbancarios.com.br\/site\/wp-json\/wp\/v2\/tags?post=12027"}],"curies":[{"name":"wp","href":"https:\/\/api.w.org\/{rel}","templated":true}]}}