{"id":12018,"date":"2020-11-24T09:00:26","date_gmt":"2020-11-24T12:00:26","guid":{"rendered":"http:\/\/sjcbancarios.com.br\/site\/?p=12018"},"modified":"2020-11-25T12:10:30","modified_gmt":"2020-11-25T15:10:30","slug":"clube-dos-bancarios-fechado-por-tempo-indeterminado","status":"publish","type":"post","link":"https:\/\/sjcbancarios.com.br\/site\/noticias\/clube-dos-bancarios-fechado-por-tempo-indeterminado\/","title":{"rendered":"Clube dos Banc\u00e1rios fechado por tempo indeterminado"},"content":{"rendered":"<p>O Sindicato dos Banc\u00e1rios de S\u00e3o Jos\u00e9 dos Campos, seguindo orienta\u00e7\u00f5es da <strong>OMS &#8211; Organiza\u00e7\u00e3o Mundial da Sa\u00fade<\/strong> e do <strong>Minist\u00e9rio da Sa\u00fade<\/strong>, fechou o <span style=\"color: #000080;\">Clube dos Banc\u00e1rios e o Camping em Caraguatatuba<\/span> a partir de <strong>20\/03\/2020<\/strong> por tempo Indeterminado.<\/p>\n<p>A abertura ocorrer\u00e1 ap\u00f3s a libera\u00e7\u00e3o e protocolos das prefeituras locais.<\/p>\n<p><strong>Sindicato dos Banc\u00e1rios e Regi\u00e3o<\/strong><\/p>\n<p>&nbsp;<\/p>\n","protected":false},"excerpt":{"rendered":"<p class=\"excerpt\">O Sindicato dos Banc\u00e1rios de S\u00e3o Jos\u00e9 dos Campos, seguindo orienta\u00e7\u00f5es da OMS &#8211; Organiza\u00e7\u00e3o Mundial da Sa\u00fade e do Minist\u00e9rio da Sa\u00fade, fechou o Clube dos Banc\u00e1rios e o Camping em Caraguatatuba a partir de 20\/03\/2020 por tempo Indeterminado. A abertura ocorrer\u00e1 ap\u00f3s a libera\u00e7\u00e3o e protocolos das prefeituras locais. Sindicato dos Banc\u00e1rios e [&hellip;]<\/p>\n","protected":false},"author":2,"featured_media":12019,"comment_status":"closed","ping_status":"closed","sticky":false,"template":"","format":"standard","meta":{"_et_pb_use_builder":"","_et_pb_old_content":"","_et_gb_content_width":"","footnotes":""},"categories":[13,155],"tags":[],"class_list":["post-12018","post","type-post","status-publish","format-standard","has-post-thumbnail","hentry","category-noticias","category-noticias-em-destaque"],"_links":{"self":[{"href":"https:\/\/sjcbancarios.com.br\/site\/wp-json\/wp\/v2\/posts\/12018","targetHints":{"allow":["GET"]}}],"collection":[{"href":"https:\/\/sjcbancarios.com.br\/site\/wp-json\/wp\/v2\/posts"}],"about":[{"href":"https:\/\/sjcbancarios.com.br\/site\/wp-json\/wp\/v2\/types\/post"}],"author":[{"embeddable":true,"href":"https:\/\/sjcbancarios.com.br\/site\/wp-json\/wp\/v2\/users\/2"}],"replies":[{"embeddable":true,"href":"https:\/\/sjcbancarios.com.br\/site\/wp-json\/wp\/v2\/comments?post=12018"}],"version-history":[{"count":0,"href":"https:\/\/sjcbancarios.com.br\/site\/wp-json\/wp\/v2\/posts\/12018\/revisions"}],"wp:featuredmedia":[{"embeddable":true,"href":"https:\/\/sjcbancarios.com.br\/site\/wp-json\/wp\/v2\/media\/12019"}],"wp:attachment":[{"href":"https:\/\/sjcbancarios.com.br\/site\/wp-json\/wp\/v2\/media?parent=12018"}],"wp:term":[{"taxonomy":"category","embeddable":true,"href":"https:\/\/sjcbancarios.com.br\/site\/wp-json\/wp\/v2\/categories?post=12018"},{"taxonomy":"post_tag","embeddable":true,"href":"https:\/\/sjcbancarios.com.br\/site\/wp-json\/wp\/v2\/tags?post=12018"}],"curies":[{"name":"wp","href":"https:\/\/api.w.org\/{rel}","templated":true}]}}