{"id":11959,"date":"2020-03-16T11:31:37","date_gmt":"2020-03-16T14:31:37","guid":{"rendered":"http:\/\/sjcbancarios.com.br\/site\/?p=11959"},"modified":"2020-03-16T11:34:38","modified_gmt":"2020-03-16T14:34:38","slug":"pandemia-ameaca-emprego-na-industria","status":"publish","type":"post","link":"https:\/\/sjcbancarios.com.br\/site\/noticias\/pandemia-ameaca-emprego-na-industria\/","title":{"rendered":"Pandemia amea\u00e7a emprego na ind\u00fastria"},"content":{"rendered":"<p style=\"text-align: justify;\">Setor de alta tecnologia, que tem gerado mais vagas formais, \u00e9 afetado por crise do coronav\u00edrus (Daniela Amorim e Vinicius Neder) \u2013<\/p>\n<p style=\"text-align: justify;\">RIO \u2013 A pandemia de coronav\u00edrus criou incertezas sobre a continuidade no movimento de gera\u00e7\u00e3o de vagas formais de trabalho na ind\u00fastria neste in\u00edcio de ano. Em 2019, o avan\u00e7o no emprego mais qualificado foi puxado pelo setor de alta intensidade tecnol\u00f3gica, segundo levantamento do Instituto de Estudos para o Desenvolvimento Industrial (Iedi) obtido com exclusividade pelo Estad\u00e3o\/Broadcast.<\/p>\n<p style=\"text-align: justify;\">Para Rafael Cagnin, economista-chefe da entidade, a virada de ano mais robusta para o emprego nos ramos industriais mais tecnol\u00f3gicos sinalizava uma \u201cprepara\u00e7\u00e3o de terreno\u201d para desempenho mais forte da produ\u00e7\u00e3o este ano. S\u00f3 que a pandemia do novo coronav\u00edrus, que tem alimentado forte volatilidade no mercado financeiro, valoriza\u00e7\u00e3o do d\u00f3lar e interrup\u00e7\u00f5es nas cadeias globais de valor, pode afetar essa previs\u00e3o.<\/p>\n<p style=\"text-align: justify;\"><strong>Pandemia do coronav\u00edrus<\/strong><br \/>\nIedi v\u00ea mudan\u00e7a na rota de retomada do emprego Foto: Nilston Fukuda\/Estad\u00e3o<br \/>\n\u201cEssa sinaliza\u00e7\u00e3o que me parecia ser uma prepara\u00e7\u00e3o de terreno para um desempenho mais robusto em 2020 fica agora com um ponto de interroga\u00e7\u00e3o com os efeitos do coronav\u00edrus. Ningu\u00e9m sabe exatamente os efeitos reais\u201d, diz Cagnin.<\/p>\n<p style=\"text-align: justify;\">O economista Rodolpho Tobler, pesquisador do Instituto Brasileiro de Economia da Funda\u00e7\u00e3o Get\u00falio Vargas (Ibre\/FGV), acredita que a pandemia de coronav\u00edrus vai travar uma recupera\u00e7\u00e3o na gera\u00e7\u00e3o de vagas com registro em carteira na ind\u00fastria, mas ele ainda n\u00e3o v\u00ea ondas de demiss\u00f5es.<\/p>\n<p style=\"text-align: justify;\">\u201cN\u00e3o imagino que as empresas v\u00e3o come\u00e7ar a demitir agora, porque \u00e9 uma quest\u00e3o passageira, n\u00e3o deve deixar marcas e sequelas\u201d, afirma Tobler.<\/p>\n<p style=\"text-align: justify;\">Embora tenha registrado estagna\u00e7\u00e3o na produ\u00e7\u00e3o no ano de 2019, a ind\u00fastria de transforma\u00e7\u00e3o brasileira apostou na contrata\u00e7\u00e3o de novos trabalhadores, movimento que ganhou for\u00e7a no \u00faltimo trimestre do ano. A cria\u00e7\u00e3o de vagas formais no setor ajudou na recupera\u00e7\u00e3o ainda incipiente da qualidade do emprego no Pa\u00eds.<\/p>\n<p style=\"text-align: justify;\">Conforme dados da Pesquisa Nacional por Amostra de Domic\u00edlios Cont\u00ednua (Pnad Cont\u00ednua), do Instituto Brasileiro de Geografia e Estat\u00edstica (IBGE), compilados pelo Iedi, o n\u00famero geral de trabalhadores da ind\u00fastria de transforma\u00e7\u00e3o cresceu 1,4%, em m\u00e9dia, em 2019, ap\u00f3s ter avan\u00e7ado 0,9% em 2018. J\u00e1 no quarto trimestre de 2019, foram criados 311 mil postos de trabalho na ind\u00fastria de transforma\u00e7\u00e3o, o que representou um aumento de 3% em rela\u00e7\u00e3o ao mesmo per\u00edodo do ano anterior \u2013 a terceira taxa positiva consecutiva, o que n\u00e3o ocorria desde 2017.<\/p>\n<p style=\"text-align: justify;\">Se considerada s\u00f3 a gera\u00e7\u00e3o de vagas com carteira assinada, houve um aumento de 2,6% no emprego formal na ind\u00fastria de transforma\u00e7\u00e3o no quarto trimestre de 2019, ante o quarto trimestre de 2018. Em n\u00fameros absolutos, isso significou 168 mil vagas a mais com carteira no per\u00edodo, o primeiro avan\u00e7o ap\u00f3s tr\u00eas trimestres de estabilidade ao longo do ano.<\/p>\n<p style=\"text-align: justify;\">Essa melhora foi puxada, justamente, pelos ramos industriais de maior intensidade tecnol\u00f3gica. A ind\u00fastria de alta tecnologia aumentou em 9% o total de ocupados com carteira no quarto trimestre de 2019, em rela\u00e7\u00e3o a igual per\u00edodo de 2018.<\/p>\n<p style=\"text-align: justify;\"><strong>Cont\u00e1gio nos setores de maior intensidade tecnol\u00f3gica<\/strong><br \/>\nA recupera\u00e7\u00e3o do emprego industrial nos ramos de maior intensidade tecnol\u00f3gica poder\u00e1 ser abortada porque esses s\u00e3o os segmentos da ind\u00fastria mais afetados pela crise econ\u00f4mica decorrente da pandemia do novo coronav\u00edrus. A primeira forma de cont\u00e1gio se reflete no com\u00e9rcio exterior, especialmente por causa da importa\u00e7\u00e3o de componentes da China, de onde o novo coronav\u00edrus se espalhou pelo resto do mundo. E a depend\u00eancia de componentes chineses \u00e9 maior nas fabricantes de produtos tecnol\u00f3gicos, como celulares e computadores.<\/p>\n<p style=\"text-align: justify;\">Os impactos negativos v\u00eam piorando desde o in\u00edcio de fevereiro, conforme sondagem da Associa\u00e7\u00e3o Brasileira da Ind\u00fastria El\u00e9trica e Eletr\u00f4nica (Abinee). Na terceira edi\u00e7\u00e3o da pesquisa, divulgada na semana passada, 70% das empresas entrevistadas relataram problemas no recebimento de materiais, componentes e insumos da China. Na primeira edi\u00e7\u00e3o da sondagem (5 de fevereiro), o n\u00famero de empresas com problemas havia sido de 52% e, na segunda edi\u00e7\u00e3o (20 de fevereiro), de 57%.<\/p>\n<p style=\"text-align: justify;\">Diante disso, de 20 mil a 30 mil funcion\u00e1rios de empresas do ramo devem ter a rotina de trabalho alterada no curto prazo, com redu\u00e7\u00e3o de jornada e f\u00e9rias coletivas, estimou o presidente da entidade, Humberto Barbato, como mostrou o Estado no fim de fevereiro.<\/p>\n<p>Fonte: Estad\u00e3o \/ Contec<\/p>\n","protected":false},"excerpt":{"rendered":"<p class=\"excerpt\">Setor de alta tecnologia, que tem gerado mais vagas formais, \u00e9 afetado por crise do coronav\u00edrus (Daniela Amorim e Vinicius Neder) \u2013 RIO \u2013 A pandemia de coronav\u00edrus criou incertezas sobre a continuidade no movimento de gera\u00e7\u00e3o de vagas formais de trabalho na ind\u00fastria neste in\u00edcio de ano. Em 2019, o avan\u00e7o no emprego mais [&hellip;]<\/p>\n","protected":false},"author":2,"featured_media":11962,"comment_status":"closed","ping_status":"closed","sticky":false,"template":"","format":"standard","meta":{"_et_pb_use_builder":"","_et_pb_old_content":"","_et_gb_content_width":"","footnotes":""},"categories":[13],"tags":[],"class_list":["post-11959","post","type-post","status-publish","format-standard","has-post-thumbnail","hentry","category-noticias"],"_links":{"self":[{"href":"https:\/\/sjcbancarios.com.br\/site\/wp-json\/wp\/v2\/posts\/11959","targetHints":{"allow":["GET"]}}],"collection":[{"href":"https:\/\/sjcbancarios.com.br\/site\/wp-json\/wp\/v2\/posts"}],"about":[{"href":"https:\/\/sjcbancarios.com.br\/site\/wp-json\/wp\/v2\/types\/post"}],"author":[{"embeddable":true,"href":"https:\/\/sjcbancarios.com.br\/site\/wp-json\/wp\/v2\/users\/2"}],"replies":[{"embeddable":true,"href":"https:\/\/sjcbancarios.com.br\/site\/wp-json\/wp\/v2\/comments?post=11959"}],"version-history":[{"count":0,"href":"https:\/\/sjcbancarios.com.br\/site\/wp-json\/wp\/v2\/posts\/11959\/revisions"}],"wp:featuredmedia":[{"embeddable":true,"href":"https:\/\/sjcbancarios.com.br\/site\/wp-json\/wp\/v2\/media\/11962"}],"wp:attachment":[{"href":"https:\/\/sjcbancarios.com.br\/site\/wp-json\/wp\/v2\/media?parent=11959"}],"wp:term":[{"taxonomy":"category","embeddable":true,"href":"https:\/\/sjcbancarios.com.br\/site\/wp-json\/wp\/v2\/categories?post=11959"},{"taxonomy":"post_tag","embeddable":true,"href":"https:\/\/sjcbancarios.com.br\/site\/wp-json\/wp\/v2\/tags?post=11959"}],"curies":[{"name":"wp","href":"https:\/\/api.w.org\/{rel}","templated":true}]}}