{"id":11917,"date":"2020-03-12T09:44:45","date_gmt":"2020-03-12T12:44:45","guid":{"rendered":"http:\/\/sjcbancarios.com.br\/site\/?p=11917"},"modified":"2020-03-12T09:49:34","modified_gmt":"2020-03-12T12:49:34","slug":"votacao-da-mp-do-contrato-verde-amarelo-e-adiada-novament","status":"publish","type":"post","link":"https:\/\/sjcbancarios.com.br\/site\/noticias\/votacao-da-mp-do-contrato-verde-amarelo-e-adiada-novament\/","title":{"rendered":"Vota\u00e7\u00e3o da MP do Contrato Verde Amarelo \u00e9 adiada novament"},"content":{"rendered":"<p style=\"text-align: justify;\">Vota\u00e7\u00e3o do relat\u00f3rio do deputado Christino Aureo (PP-RJ) ficar\u00e1 para a pr\u00f3xima ter\u00e7a-feira (17)Imagem: Ag\u00eancia C\u00e2mara<\/p>\n<p style=\"text-align: justify;\">A Comiss\u00e3o Mista da Medida Provis\u00f3ria 905, que cria o Contrato Verde Amarelo, adiou para a pr\u00f3xima semana a vota\u00e7\u00e3o do relat\u00f3rio do deputado Christino Aureo (PP-RJ). A nova tentativa ficar\u00e1 para ter\u00e7a-feira, 17.<\/p>\n<p style=\"text-align: justify;\">Nesta quarta-feira, a reuni\u00e3o do colegiado teve que ser adiada ap\u00f3s o in\u00edcio da sess\u00e3o do Congresso Nacional, que impede os colegiados das Casas de prosseguirem as atividades simultaneamente.<br \/>\nRELACIONADAS<\/p>\n<p style=\"text-align: justify;\">Mais cedo, governistas e oposicionistas fecharam acordo para analisar inicialmente, no pr\u00f3ximo encontro, seis destaques (sugest\u00f5es de altera\u00e7\u00e3o no parecer). S\u00f3 depois, ent\u00e3o, o relat\u00f3rio seria apreciado.<\/p>\n<p style=\"text-align: justify;\">Por se tratar de uma MP, o governo precisa aprovar a proposta na C\u00e2mara e no Senado antes de o texto perder a validade, em 20 de abril.<\/p>\n<p>Fonte: UOL \/ CONTEC<\/p>\n","protected":false},"excerpt":{"rendered":"<p class=\"excerpt\">Vota\u00e7\u00e3o do relat\u00f3rio do deputado Christino Aureo (PP-RJ) ficar\u00e1 para a pr\u00f3xima ter\u00e7a-feira (17)Imagem: Ag\u00eancia C\u00e2mara A Comiss\u00e3o Mista da Medida Provis\u00f3ria 905, que cria o Contrato Verde Amarelo, adiou para a pr\u00f3xima semana a vota\u00e7\u00e3o do relat\u00f3rio do deputado Christino Aureo (PP-RJ). A nova tentativa ficar\u00e1 para ter\u00e7a-feira, 17. Nesta quarta-feira, a reuni\u00e3o do [&hellip;]<\/p>\n","protected":false},"author":2,"featured_media":11918,"comment_status":"closed","ping_status":"closed","sticky":false,"template":"","format":"standard","meta":{"_et_pb_use_builder":"","_et_pb_old_content":"","_et_gb_content_width":"","footnotes":""},"categories":[13],"tags":[],"class_list":["post-11917","post","type-post","status-publish","format-standard","has-post-thumbnail","hentry","category-noticias"],"_links":{"self":[{"href":"https:\/\/sjcbancarios.com.br\/site\/wp-json\/wp\/v2\/posts\/11917","targetHints":{"allow":["GET"]}}],"collection":[{"href":"https:\/\/sjcbancarios.com.br\/site\/wp-json\/wp\/v2\/posts"}],"about":[{"href":"https:\/\/sjcbancarios.com.br\/site\/wp-json\/wp\/v2\/types\/post"}],"author":[{"embeddable":true,"href":"https:\/\/sjcbancarios.com.br\/site\/wp-json\/wp\/v2\/users\/2"}],"replies":[{"embeddable":true,"href":"https:\/\/sjcbancarios.com.br\/site\/wp-json\/wp\/v2\/comments?post=11917"}],"version-history":[{"count":0,"href":"https:\/\/sjcbancarios.com.br\/site\/wp-json\/wp\/v2\/posts\/11917\/revisions"}],"wp:featuredmedia":[{"embeddable":true,"href":"https:\/\/sjcbancarios.com.br\/site\/wp-json\/wp\/v2\/media\/11918"}],"wp:attachment":[{"href":"https:\/\/sjcbancarios.com.br\/site\/wp-json\/wp\/v2\/media?parent=11917"}],"wp:term":[{"taxonomy":"category","embeddable":true,"href":"https:\/\/sjcbancarios.com.br\/site\/wp-json\/wp\/v2\/categories?post=11917"},{"taxonomy":"post_tag","embeddable":true,"href":"https:\/\/sjcbancarios.com.br\/site\/wp-json\/wp\/v2\/tags?post=11917"}],"curies":[{"name":"wp","href":"https:\/\/api.w.org\/{rel}","templated":true}]}}