{"id":11876,"date":"2020-03-06T09:29:36","date_gmt":"2020-03-06T12:29:36","guid":{"rendered":"http:\/\/sjcbancarios.com.br\/site\/?p=11876"},"modified":"2020-03-06T09:29:36","modified_gmt":"2020-03-06T12:29:36","slug":"fenespic-fecha-acordo-e-garante-reajuste-de-448","status":"publish","type":"post","link":"https:\/\/sjcbancarios.com.br\/site\/noticias\/fenespic-fecha-acordo-e-garante-reajuste-de-448\/","title":{"rendered":"Fenespic fecha acordo e garante reajuste de 4,48%"},"content":{"rendered":"<p style=\"text-align: justify;\">A Federa\u00e7\u00e3o Nacional dos Securit\u00e1rios informa que concluiu as negocia\u00e7\u00f5es e a defini\u00e7\u00e3o da Conven\u00e7\u00e3o Coletiva de Trabalho 2020 dos trabalhadores securit\u00e1rios em Seguradoras.<\/p>\n<p style=\"text-align: justify;\">O acordo foi sacramentado na tarde desta ter\u00e7a-feira e o reajuste ficou definido em 4,48% para os trabalhadores com sal\u00e1rios de at\u00e9 R$ 5.000,00 (cinco mil reais). A partir de R$ 5.000,01 (cinco mil reais e um centavo) o reajuste conquistado foi de 3,81%.<\/p>\n<p style=\"text-align: justify;\">Al\u00e9m do reajuste, garantimos a manuten\u00e7\u00e3o de todas cl\u00e1usulas da Conven\u00e7\u00e3o Coletiva de Trabalho anterior.<\/p>\n<p style=\"text-align: justify;\">O reajuste de 4,48% aplica-se tamb\u00e9m aos benef\u00edcios como vales refei\u00e7\u00e3o e alimenta\u00e7\u00e3o, aux\u00edlio creche\/bab\u00e1, seguro de vida, entre outros.<\/p>\n<p style=\"text-align: justify;\">Entretanto, na atual conjuntura, considerando que estamos atravessando momentos dif\u00edceis, tivemos conquistas, n\u00e3o s\u00f3 em garantir 100% do INPC em todos os benef\u00edcios, assim como no sal\u00e1rio de aproximadamente 70% de toda a massa de trabalhadores.<\/p>\n<p style=\"text-align: justify;\">\u00c9 uma vit\u00f3ria.<\/p>\n<p style=\"text-align: justify;\">O documento com a reda\u00e7\u00e3o final da CCT 2020 passar\u00e1 por ajustes de ordem textual e estar\u00e1 liberado para acesso de todos os empregados e empregadores do setor nos pr\u00f3ximos dias.<\/p>\n<p style=\"text-align: justify;\">A Federa\u00e7\u00e3o Nacional dos Securit\u00e1rios continua na luta pela preserva\u00e7\u00e3o dos direitos trabalhistas conquistados por d\u00e9cadas pelo movimento sindical.<\/p>\n<p style=\"text-align: justify;\">ISAU CHACON<br \/>\nPRESIDENTE<\/p>\n<p>Fonte: Contec<\/p>\n","protected":false},"excerpt":{"rendered":"<p class=\"excerpt\">A Federa\u00e7\u00e3o Nacional dos Securit\u00e1rios informa que concluiu as negocia\u00e7\u00f5es e a defini\u00e7\u00e3o da Conven\u00e7\u00e3o Coletiva de Trabalho 2020 dos trabalhadores securit\u00e1rios em Seguradoras. O acordo foi sacramentado na tarde desta ter\u00e7a-feira e o reajuste ficou definido em 4,48% para os trabalhadores com sal\u00e1rios de at\u00e9 R$ 5.000,00 (cinco mil reais). A partir de R$ [&hellip;]<\/p>\n","protected":false},"author":2,"featured_media":11877,"comment_status":"closed","ping_status":"closed","sticky":false,"template":"","format":"standard","meta":{"_et_pb_use_builder":"","_et_pb_old_content":"","_et_gb_content_width":"","footnotes":""},"categories":[13],"tags":[],"class_list":["post-11876","post","type-post","status-publish","format-standard","has-post-thumbnail","hentry","category-noticias"],"_links":{"self":[{"href":"https:\/\/sjcbancarios.com.br\/site\/wp-json\/wp\/v2\/posts\/11876","targetHints":{"allow":["GET"]}}],"collection":[{"href":"https:\/\/sjcbancarios.com.br\/site\/wp-json\/wp\/v2\/posts"}],"about":[{"href":"https:\/\/sjcbancarios.com.br\/site\/wp-json\/wp\/v2\/types\/post"}],"author":[{"embeddable":true,"href":"https:\/\/sjcbancarios.com.br\/site\/wp-json\/wp\/v2\/users\/2"}],"replies":[{"embeddable":true,"href":"https:\/\/sjcbancarios.com.br\/site\/wp-json\/wp\/v2\/comments?post=11876"}],"version-history":[{"count":0,"href":"https:\/\/sjcbancarios.com.br\/site\/wp-json\/wp\/v2\/posts\/11876\/revisions"}],"wp:featuredmedia":[{"embeddable":true,"href":"https:\/\/sjcbancarios.com.br\/site\/wp-json\/wp\/v2\/media\/11877"}],"wp:attachment":[{"href":"https:\/\/sjcbancarios.com.br\/site\/wp-json\/wp\/v2\/media?parent=11876"}],"wp:term":[{"taxonomy":"category","embeddable":true,"href":"https:\/\/sjcbancarios.com.br\/site\/wp-json\/wp\/v2\/categories?post=11876"},{"taxonomy":"post_tag","embeddable":true,"href":"https:\/\/sjcbancarios.com.br\/site\/wp-json\/wp\/v2\/tags?post=11876"}],"curies":[{"name":"wp","href":"https:\/\/api.w.org\/{rel}","templated":true}]}}