{"id":11864,"date":"2020-03-06T09:22:34","date_gmt":"2020-03-06T12:22:34","guid":{"rendered":"http:\/\/sjcbancarios.com.br\/site\/?p=11864"},"modified":"2020-03-06T09:22:34","modified_gmt":"2020-03-06T12:22:34","slug":"banco-de-mg-tera-que-reintegrar-empregado-dispensado-com-32-anos-de-servico-para-evitar-estabilidade-provisoria","status":"publish","type":"post","link":"https:\/\/sjcbancarios.com.br\/site\/noticias\/banco-de-mg-tera-que-reintegrar-empregado-dispensado-com-32-anos-de-servico-para-evitar-estabilidade-provisoria\/","title":{"rendered":"Banco de MG ter\u00e1 que reintegrar empregado dispensado com 32 anos de servi\u00e7o para evitar estabilidade provis\u00f3ria"},"content":{"rendered":"<p style=\"text-align: justify;\">Os magistrados da Quinta Turma do Tribunal Regional do Trabalho da 3\u00aa Regi\u00e3o (MG) determinaram, por unanimidade, a reintegra\u00e7\u00e3o de um banc\u00e1rio que foi dispensado faltando dois anos para aposentadoria, ap\u00f3s completar 32 anos de servi\u00e7os prestados \u00e0 institui\u00e7\u00e3o financeira. \u00c9 que, pelas contas do trabalhador, faltavam menos de 12 meses para ele atingir a estabilidade pr\u00e9-aposentadoria prevista na cl\u00e1usula 27\u00aa da conven\u00e7\u00e3o coletiva 2016\/2018.<\/p>\n<p style=\"text-align: justify;\">Em sua defesa, o banco alegou que, na \u00e9poca do t\u00e9rmino do contrato, o empregado j\u00e1 possu\u00eda tempo suficiente de contribui\u00e7\u00e3o para se aposentar. Mas o banc\u00e1rio negou a informa\u00e7\u00e3o, argumentando que \u201ca dispensa foi para impedir a aquisi\u00e7\u00e3o do direito \u00e0 estabilidade convencional\u201d.<\/p>\n<p style=\"text-align: justify;\">Como prova, o banc\u00e1rio apresentou simula\u00e7\u00e3o do INSS, atestando que, em setembro de 2018, faltavam ainda dois anos, 11 meses e 12 dias para completar o tempo da aposentadoria por tempo de contribui\u00e7\u00e3o integral. E, pela conven\u00e7\u00e3o coletiva da categoria, a estabilidade provis\u00f3ria pr\u00e9-aposentadoria est\u00e1 assegurada aos empregados do banco por 24 meses imediatamente anteriores \u00e0 complementa\u00e7\u00e3o do tempo para aposentadoria proporcional ou integral pela previd\u00eancia social.<\/p>\n<p style=\"text-align: justify;\">Al\u00e9m disso, segundo pontuou o desembargador relator Paulo Maur\u00edcio Ribeiro Pires, o banc\u00e1rio n\u00e3o havia atingido, no per\u00edodo da simula\u00e7\u00e3o, a idade m\u00ednima exigida para a modalidade de aposentadoria proporcional. Isso porque estava com 50 anos, quando a idade m\u00ednima prevista no caso \u00e9 de 53 anos.<\/p>\n<p style=\"text-align: justify;\"><strong>Reintegra\u00e7\u00e3o<br \/>\n<\/strong>Dessa forma, o relator deu raz\u00e3o ao banc\u00e1rio, mantendo a senten\u00e7a proferida pelo ju\u00edzo da Vara do Trabalho de Itajub\u00e1. O juiz ressaltou que o entendimento do TST \u00e9, nesses casos, de conceder a reintegra\u00e7\u00e3o no emprego quando a dispensa ocorre pr\u00f3ximo ao in\u00edcio da estabilidade pr\u00e9-aposentadoria.<\/p>\n<p style=\"text-align: justify;\">O juiz esclareceu ainda que, diante do reconhecimento da nulidade da dispensa, o contrato voltaria a vigorar como se n\u00e3o houvesse sido rescindido. Desse modo, n\u00e3o h\u00e1 que se falar em exclus\u00e3o do pagamento dos sal\u00e1rios vencidos, FGTS e benef\u00edcios e vantagens conferidos \u00e0 categoria desde a data da dispensa at\u00e9 a data da efetiva reintegra\u00e7\u00e3o. O contrato seria mantido sem altera\u00e7\u00e3o, com todos os direitos e garantias legais e convencionais, at\u00e9 completar o tempo de contribui\u00e7\u00e3o exigido para a aposentadoria no regime geral.<\/p>\n<p style=\"text-align: justify;\">Fonte: <strong><a href=\"https:\/\/portal.trt3.jus.br\/internet\/conheca-o-trt\/comunicacao\/noticias-juridicas\/nj-banco-tera-que-reintegrar-empregado-dispensado-com-32-anos-de-servico-para-evitar-estabilidade-provisoria\" target=\"_blank\" rel=\"noopener noreferrer\">TRT da 3\u00aa Regi\u00e3o (MG)<\/a><\/strong><\/p>\n<p style=\"text-align: justify;\">\u00a0<\/p>\n","protected":false},"excerpt":{"rendered":"<p class=\"excerpt\">Os magistrados da Quinta Turma do Tribunal Regional do Trabalho da 3\u00aa Regi\u00e3o (MG) determinaram, por unanimidade, a reintegra\u00e7\u00e3o de um banc\u00e1rio que foi dispensado faltando dois anos para aposentadoria, ap\u00f3s completar 32 anos de servi\u00e7os prestados \u00e0 institui\u00e7\u00e3o financeira. \u00c9 que, pelas contas do trabalhador, faltavam menos de 12 meses para ele atingir a [&hellip;]<\/p>\n","protected":false},"author":2,"featured_media":11865,"comment_status":"closed","ping_status":"closed","sticky":false,"template":"","format":"standard","meta":{"_et_pb_use_builder":"","_et_pb_old_content":"","_et_gb_content_width":"","footnotes":""},"categories":[13],"tags":[],"class_list":["post-11864","post","type-post","status-publish","format-standard","has-post-thumbnail","hentry","category-noticias"],"_links":{"self":[{"href":"https:\/\/sjcbancarios.com.br\/site\/wp-json\/wp\/v2\/posts\/11864","targetHints":{"allow":["GET"]}}],"collection":[{"href":"https:\/\/sjcbancarios.com.br\/site\/wp-json\/wp\/v2\/posts"}],"about":[{"href":"https:\/\/sjcbancarios.com.br\/site\/wp-json\/wp\/v2\/types\/post"}],"author":[{"embeddable":true,"href":"https:\/\/sjcbancarios.com.br\/site\/wp-json\/wp\/v2\/users\/2"}],"replies":[{"embeddable":true,"href":"https:\/\/sjcbancarios.com.br\/site\/wp-json\/wp\/v2\/comments?post=11864"}],"version-history":[{"count":0,"href":"https:\/\/sjcbancarios.com.br\/site\/wp-json\/wp\/v2\/posts\/11864\/revisions"}],"wp:featuredmedia":[{"embeddable":true,"href":"https:\/\/sjcbancarios.com.br\/site\/wp-json\/wp\/v2\/media\/11865"}],"wp:attachment":[{"href":"https:\/\/sjcbancarios.com.br\/site\/wp-json\/wp\/v2\/media?parent=11864"}],"wp:term":[{"taxonomy":"category","embeddable":true,"href":"https:\/\/sjcbancarios.com.br\/site\/wp-json\/wp\/v2\/categories?post=11864"},{"taxonomy":"post_tag","embeddable":true,"href":"https:\/\/sjcbancarios.com.br\/site\/wp-json\/wp\/v2\/tags?post=11864"}],"curies":[{"name":"wp","href":"https:\/\/api.w.org\/{rel}","templated":true}]}}