{"id":11738,"date":"2020-02-06T12:15:21","date_gmt":"2020-02-06T15:15:21","guid":{"rendered":"http:\/\/sjcbancarios.com.br\/site\/?p=11738"},"modified":"2020-02-06T12:15:21","modified_gmt":"2020-02-06T15:15:21","slug":"stf-julgara-nesta-quinta-se-aposentado-que-volta-ao-trabalho-pode-alterar-beneficio","status":"publish","type":"post","link":"https:\/\/sjcbancarios.com.br\/site\/noticias\/stf-julgara-nesta-quinta-se-aposentado-que-volta-ao-trabalho-pode-alterar-beneficio\/","title":{"rendered":"STF julgar\u00e1 nesta quinta se aposentado que volta ao trabalho pode alterar benef\u00edcio"},"content":{"rendered":"<p style=\"text-align: justify;\">Ministros v\u00e3o analisar a chamada \u2018reaposenta\u00e7\u00e3o\u2019. Decis\u00f5es judiciais t\u00eam autorizado a medida, mas palavra final sobre o tema caber\u00e1 ao STF. (Por Fernanda Vivas, Mariana Oliveira e Rosanne D\u2019Agostino)<\/p>\n<p style=\"text-align: justify;\">O Supremo Tribunal Federal (STF) julgar\u00e1 nesta quinta-feira (6) se cidad\u00e3os aposentados que voltam ao mercado de trabalho podem alterar o benef\u00edcio.<\/p>\n<p style=\"text-align: justify;\">Durante a sess\u00e3o, os ministros v\u00e3o analisar a chamada \u201creaposenta\u00e7\u00e3o\u201d, isto \u00e9, a substitui\u00e7\u00e3o de uma aposentadoria por outra mais vantajosa.<\/p>\n<p style=\"text-align: justify;\">Na \u201creaposenta\u00e7\u00e3o\u201d, o tempo de servi\u00e7o e o sal\u00e1rio de contribui\u00e7\u00e3o anteriores \u00e0 aposentadoria n\u00e3o entram na revis\u00e3o do c\u00e1lculo. Isso porque as contribui\u00e7\u00f5es ou o tempo de servi\u00e7o posteriores \u00e0 primeira aposentadoria s\u00e3o, por si s\u00f3, requisitos suficientes para que o trabalhador obtenha um benef\u00edcio com valor maior que o primeiro.<\/p>\n<p style=\"text-align: justify;\">O mecanismo \u00e9 diferente da \u201cdesaposenta\u00e7\u00e3o\u201d, rejeitada pelo STF em 2016. Nesse caso, o trabalhador que voltava ao mercado depois da aposentadoria obtia revis\u00e3o do benef\u00edcio, somando as contribui\u00e7\u00f5es realizadas antes e depois da aposentadoria.<\/p>\n<p style=\"text-align: justify;\">O STF entendeu que a desaposenta\u00e7\u00e3o n\u00e3o era aplic\u00e1vel porque s\u00f3 por meio de lei seria poss\u00edvel fixar crit\u00e9rios para o rec\u00e1lculo dos benef\u00edcios.<\/p>\n<p style=\"text-align: justify;\">Em um dos recursos que ser\u00e3o julgados nesta quinta-feira, a Confedera\u00e7\u00e3o Brasileira de Aposentados e Pensionistas (Cobap) argumenta que, na ocasi\u00e3o, os ministros n\u00e3o decidiram sobre a \u201creaposenta\u00e7\u00e3o\u201d.<\/p>\n<p style=\"text-align: justify;\">Atualmente, decis\u00f5es judicias t\u00eam permitido a \u201creaposenta\u00e7\u00e3o\u201d, mas a palavra final sobre o tema caber\u00e1 ao STF.<\/p>\n<p style=\"text-align: justify;\"><strong>Devolu\u00e7\u00e3o de valores<\/strong><br \/>\nEst\u00e1 tamb\u00e9m em discuss\u00e3o a possibilidade de aposentados beneficiados com a \u201cdesaposenta\u00e7\u00e3o\u201d devolverem valores recebidos.<\/p>\n<p style=\"text-align: justify;\">Em 2013, o Superior Tribunal de Justi\u00e7a (STJ) decidiu de forma favor\u00e1vel \u00e0 \u201cdesaposenta\u00e7\u00e3o\u201d. A partir da\u00ed, trabalhadores obtiveram decis\u00f5es judiciais favor\u00e1veis ao novo c\u00e1lculo do benef\u00edcio.<\/p>\n<p style=\"text-align: justify;\">Segundo a Cobap, com o novo entendimento adotado pelo STJ a partir de 2016, contr\u00e1rio ao mecanismo, novas a\u00e7\u00f5es foram apresentadas na Justi\u00e7a para revisar as aposentadorias.<\/p>\n<p style=\"text-align: justify;\">A confedera\u00e7\u00e3o quer que os efeitos da decis\u00e3o do STF de 2016 somente sejam aplicados ap\u00f3s a publica\u00e7\u00e3o do ac\u00f3rd\u00e3o do STF sobre o tema, evitando assim atingir os segurados que j\u00e1 tiveram a revis\u00e3o do benef\u00edcio pela desaposenta\u00e7\u00e3o depois da decis\u00e3o do STJ de 2013.<\/p>\n<p style=\"text-align: justify;\">Pede ainda que os ministros considerem que n\u00e3o \u00e9 poss\u00edvel a apresenta\u00e7\u00e3o de a\u00e7\u00e3o para anular benef\u00edcios concedidos em decis\u00f5es judiciais para as quais n\u00e3o h\u00e1 mais possibilidade de recurso.<\/p>\n<p style=\"text-align: justify;\"><strong>O que diz a AGU<\/strong><br \/>\nA Advocacia-Geral da Uni\u00e3o informou que defende a cobran\u00e7a dos valores pagos a mais por conta das revis\u00f5es dos benef\u00edcios.<\/p>\n<p style=\"text-align: justify;\">A AGU, que entende n\u00e3o ser poss\u00edvel a reaposenta\u00e7\u00e3o, informou que \u201cpor motivo de planejamento e de estrat\u00e9gia processual, n\u00e3o pode, por ora, repassar as informa\u00e7\u00f5es solicitadas\u201d.<\/p>\n<p style=\"text-align: justify;\">Fonte: G1 \/ CONTEC<\/p>\n","protected":false},"excerpt":{"rendered":"<p class=\"excerpt\">Ministros v\u00e3o analisar a chamada \u2018reaposenta\u00e7\u00e3o\u2019. Decis\u00f5es judiciais t\u00eam autorizado a medida, mas palavra final sobre o tema caber\u00e1 ao STF. (Por Fernanda Vivas, Mariana Oliveira e Rosanne D\u2019Agostino) O Supremo Tribunal Federal (STF) julgar\u00e1 nesta quinta-feira (6) se cidad\u00e3os aposentados que voltam ao mercado de trabalho podem alterar o benef\u00edcio. Durante a sess\u00e3o, os [&hellip;]<\/p>\n","protected":false},"author":2,"featured_media":11739,"comment_status":"closed","ping_status":"closed","sticky":false,"template":"","format":"standard","meta":{"_et_pb_use_builder":"","_et_pb_old_content":"","_et_gb_content_width":"","footnotes":""},"categories":[13],"tags":[],"class_list":["post-11738","post","type-post","status-publish","format-standard","has-post-thumbnail","hentry","category-noticias"],"_links":{"self":[{"href":"https:\/\/sjcbancarios.com.br\/site\/wp-json\/wp\/v2\/posts\/11738","targetHints":{"allow":["GET"]}}],"collection":[{"href":"https:\/\/sjcbancarios.com.br\/site\/wp-json\/wp\/v2\/posts"}],"about":[{"href":"https:\/\/sjcbancarios.com.br\/site\/wp-json\/wp\/v2\/types\/post"}],"author":[{"embeddable":true,"href":"https:\/\/sjcbancarios.com.br\/site\/wp-json\/wp\/v2\/users\/2"}],"replies":[{"embeddable":true,"href":"https:\/\/sjcbancarios.com.br\/site\/wp-json\/wp\/v2\/comments?post=11738"}],"version-history":[{"count":0,"href":"https:\/\/sjcbancarios.com.br\/site\/wp-json\/wp\/v2\/posts\/11738\/revisions"}],"wp:featuredmedia":[{"embeddable":true,"href":"https:\/\/sjcbancarios.com.br\/site\/wp-json\/wp\/v2\/media\/11739"}],"wp:attachment":[{"href":"https:\/\/sjcbancarios.com.br\/site\/wp-json\/wp\/v2\/media?parent=11738"}],"wp:term":[{"taxonomy":"category","embeddable":true,"href":"https:\/\/sjcbancarios.com.br\/site\/wp-json\/wp\/v2\/categories?post=11738"},{"taxonomy":"post_tag","embeddable":true,"href":"https:\/\/sjcbancarios.com.br\/site\/wp-json\/wp\/v2\/tags?post=11738"}],"curies":[{"name":"wp","href":"https:\/\/api.w.org\/{rel}","templated":true}]}}