{"id":11735,"date":"2020-02-06T12:11:49","date_gmt":"2020-02-06T15:11:49","guid":{"rendered":"http:\/\/sjcbancarios.com.br\/site\/?p=11735"},"modified":"2020-02-06T12:11:49","modified_gmt":"2020-02-06T15:11:49","slug":"maia-cria-comissao-da-reforma-sindical-instalacao-pode-ser-na-proxima-semana","status":"publish","type":"post","link":"https:\/\/sjcbancarios.com.br\/site\/noticias\/maia-cria-comissao-da-reforma-sindical-instalacao-pode-ser-na-proxima-semana\/","title":{"rendered":"Maia cria comiss\u00e3o da Reforma Sindical; instala\u00e7\u00e3o pode ser na pr\u00f3xima semana"},"content":{"rendered":"<p style=\"text-align: justify;\">O deputado Marcelo Ramos (PL-AM) \u00e9 autor da proposta (PEC 196\/19)<\/p>\n<p style=\"text-align: justify;\">O presidente da C\u00e2mara dos Deputados Rodrigo Maia (DEM-RJ) criou, nesta quarta-feira (5), a comiss\u00e3o especial que vai examinar e votar o m\u00e9rito da PEC (Proposta de Emenda \u00e0 Constitui\u00e7\u00e3o) 196\/19, do deputado Marcelo Ramos (PL-AM), que altera o artigo 8\u00ba da Constitui\u00e7\u00e3o para tratar da Reforma Sindical.<\/p>\n<p style=\"text-align: justify;\">Esse Ato da Mesa assinado pelo presidente da C\u00e2mara \u00e9 o 1\u00ba passo. O 2\u00ba, agora, \u00e9 a indica\u00e7\u00e3o, pelos l\u00edderes partid\u00e1rios, dos deputados que ir\u00e3o compor a comiss\u00e3o especial. Uma vez indicados, o 3\u00ba passo \u00e9 a instala\u00e7\u00e3o da comiss\u00e3o que vai examinar o m\u00e9rito da proposta.<\/p>\n<p style=\"text-align: justify;\">Segundo o deputado Paulo Pereira da Silva (SD-SP), a ideia \u00e9 instalar o colegiado na pr\u00f3xima semana. A seu turno, a instala\u00e7\u00e3o ocorre com a elei\u00e7\u00e3o do presidente da Mesa Diretora dos trabalhos da comiss\u00e3o especial, que por sua vez indica o relator da proposi\u00e7\u00e3o.<\/p>\n<p style=\"text-align: justify;\">Fonte: Diap \/ CONTEC<\/p>\n","protected":false},"excerpt":{"rendered":"<p class=\"excerpt\">O deputado Marcelo Ramos (PL-AM) \u00e9 autor da proposta (PEC 196\/19) O presidente da C\u00e2mara dos Deputados Rodrigo Maia (DEM-RJ) criou, nesta quarta-feira (5), a comiss\u00e3o especial que vai examinar e votar o m\u00e9rito da PEC (Proposta de Emenda \u00e0 Constitui\u00e7\u00e3o) 196\/19, do deputado Marcelo Ramos (PL-AM), que altera o artigo 8\u00ba da Constitui\u00e7\u00e3o para [&hellip;]<\/p>\n","protected":false},"author":2,"featured_media":11736,"comment_status":"closed","ping_status":"closed","sticky":false,"template":"","format":"standard","meta":{"_et_pb_use_builder":"","_et_pb_old_content":"","_et_gb_content_width":"","footnotes":""},"categories":[13],"tags":[],"class_list":["post-11735","post","type-post","status-publish","format-standard","has-post-thumbnail","hentry","category-noticias"],"_links":{"self":[{"href":"https:\/\/sjcbancarios.com.br\/site\/wp-json\/wp\/v2\/posts\/11735","targetHints":{"allow":["GET"]}}],"collection":[{"href":"https:\/\/sjcbancarios.com.br\/site\/wp-json\/wp\/v2\/posts"}],"about":[{"href":"https:\/\/sjcbancarios.com.br\/site\/wp-json\/wp\/v2\/types\/post"}],"author":[{"embeddable":true,"href":"https:\/\/sjcbancarios.com.br\/site\/wp-json\/wp\/v2\/users\/2"}],"replies":[{"embeddable":true,"href":"https:\/\/sjcbancarios.com.br\/site\/wp-json\/wp\/v2\/comments?post=11735"}],"version-history":[{"count":0,"href":"https:\/\/sjcbancarios.com.br\/site\/wp-json\/wp\/v2\/posts\/11735\/revisions"}],"wp:featuredmedia":[{"embeddable":true,"href":"https:\/\/sjcbancarios.com.br\/site\/wp-json\/wp\/v2\/media\/11736"}],"wp:attachment":[{"href":"https:\/\/sjcbancarios.com.br\/site\/wp-json\/wp\/v2\/media?parent=11735"}],"wp:term":[{"taxonomy":"category","embeddable":true,"href":"https:\/\/sjcbancarios.com.br\/site\/wp-json\/wp\/v2\/categories?post=11735"},{"taxonomy":"post_tag","embeddable":true,"href":"https:\/\/sjcbancarios.com.br\/site\/wp-json\/wp\/v2\/tags?post=11735"}],"curies":[{"name":"wp","href":"https:\/\/api.w.org\/{rel}","templated":true}]}}