{"id":11668,"date":"2020-01-20T11:09:35","date_gmt":"2020-01-20T14:09:35","guid":{"rendered":"http:\/\/sjcbancarios.com.br\/site\/?p=11668"},"modified":"2020-01-20T11:09:35","modified_gmt":"2020-01-20T14:09:35","slug":"governo-promete-liberar-seguro-desemprego-atrasado-ate-dia-22","status":"publish","type":"post","link":"https:\/\/sjcbancarios.com.br\/site\/noticias\/governo-promete-liberar-seguro-desemprego-atrasado-ate-dia-22\/","title":{"rendered":"Governo promete liberar seguro-desemprego atrasado at\u00e9 dia 22"},"content":{"rendered":"<p style=\"text-align: justify;\">A Secretaria Especial de Previd\u00eancia e Trabalho do Minist\u00e9rio da Economia informou nesta quinta-feira (16) que todos os trabalhadores com dificuldade de acesso ao seguro-desemprego ter\u00e3o seus pedidos reprocessados e liberados at\u00e9 o dia 22, quarta-feira da pr\u00f3xima semana. J\u00e1 os benef\u00edcios solicitados a partir do dia 20 dever\u00e3o ser liberados automaticamente.<\/p>\n<p style=\"text-align: justify;\">O motivo \u00e9 que toda movimenta\u00e7\u00e3o que ocorre no FGTS interfere no recebimento do seguro-desemprego. E, se o trabalhador retirar o FGTS por outro motivo al\u00e9m da rescis\u00e3o do contrato de trabalho, o seguro-desemprego \u00e9 notificado e o benefici\u00e1rio ter\u00e1 de entrar com um recurso administrativo 557 para ter o benef\u00edcio liberado. Isso acontece porque, no cadastro do Minist\u00e9rio da Economia, constar\u00e1 mais de uma informa\u00e7\u00e3o sobre o FGTS dele.<\/p>\n<p style=\"text-align: justify;\">Segundo a Secretaria Especial de Previd\u00eancia e Trabalho, os relatos de trabalhadores sobre diverg\u00eancias entre o saque imediato do FGTS e a concess\u00e3o do benef\u00edcio come\u00e7aram a chegar na segunda quinzena de dezembro. Ap\u00f3s a detec\u00e7\u00e3o do problema, o Minist\u00e9rio da Economia iniciou os processos corretivos nos seus sistemas para solucionar a quest\u00e3o, com suporte da Caixa.<\/p>\n<p style=\"text-align: justify;\">\u201cCom a solu\u00e7\u00e3o, os trabalhadores que apresentaram um recurso administrativo 557 ter\u00e3o os benef\u00edcios liberados no que ocorrer primeiro, reprocessamento ou an\u00e1lise do recurso. J\u00e1 aqueles que n\u00e3o contestaram a negativa ter\u00e3o a libera\u00e7\u00e3o do seguro-desemprego de forma autom\u00e1tica\u201d, informou o \u00f3rg\u00e3o.<\/p>\n<p style=\"text-align: justify;\">A evolu\u00e7\u00e3o da solicita\u00e7\u00e3o ou da rean\u00e1lise de benef\u00edcio poder\u00e1 ser feito pela internet (www.gov.br) ou pelo aplicativo da Carteira de Trabalho Digital.<\/p>\n<p style=\"text-align: justify;\">Fonte: G1 \/ Contec<\/p>\n","protected":false},"excerpt":{"rendered":"<p class=\"excerpt\">A Secretaria Especial de Previd\u00eancia e Trabalho do Minist\u00e9rio da Economia informou nesta quinta-feira (16) que todos os trabalhadores com dificuldade de acesso ao seguro-desemprego ter\u00e3o seus pedidos reprocessados e liberados at\u00e9 o dia 22, quarta-feira da pr\u00f3xima semana. J\u00e1 os benef\u00edcios solicitados a partir do dia 20 dever\u00e3o ser liberados automaticamente. O motivo \u00e9 [&hellip;]<\/p>\n","protected":false},"author":2,"featured_media":11669,"comment_status":"closed","ping_status":"closed","sticky":false,"template":"","format":"standard","meta":{"_et_pb_use_builder":"","_et_pb_old_content":"","_et_gb_content_width":"","footnotes":""},"categories":[13],"tags":[],"class_list":["post-11668","post","type-post","status-publish","format-standard","has-post-thumbnail","hentry","category-noticias"],"_links":{"self":[{"href":"https:\/\/sjcbancarios.com.br\/site\/wp-json\/wp\/v2\/posts\/11668","targetHints":{"allow":["GET"]}}],"collection":[{"href":"https:\/\/sjcbancarios.com.br\/site\/wp-json\/wp\/v2\/posts"}],"about":[{"href":"https:\/\/sjcbancarios.com.br\/site\/wp-json\/wp\/v2\/types\/post"}],"author":[{"embeddable":true,"href":"https:\/\/sjcbancarios.com.br\/site\/wp-json\/wp\/v2\/users\/2"}],"replies":[{"embeddable":true,"href":"https:\/\/sjcbancarios.com.br\/site\/wp-json\/wp\/v2\/comments?post=11668"}],"version-history":[{"count":0,"href":"https:\/\/sjcbancarios.com.br\/site\/wp-json\/wp\/v2\/posts\/11668\/revisions"}],"wp:featuredmedia":[{"embeddable":true,"href":"https:\/\/sjcbancarios.com.br\/site\/wp-json\/wp\/v2\/media\/11669"}],"wp:attachment":[{"href":"https:\/\/sjcbancarios.com.br\/site\/wp-json\/wp\/v2\/media?parent=11668"}],"wp:term":[{"taxonomy":"category","embeddable":true,"href":"https:\/\/sjcbancarios.com.br\/site\/wp-json\/wp\/v2\/categories?post=11668"},{"taxonomy":"post_tag","embeddable":true,"href":"https:\/\/sjcbancarios.com.br\/site\/wp-json\/wp\/v2\/tags?post=11668"}],"curies":[{"name":"wp","href":"https:\/\/api.w.org\/{rel}","templated":true}]}}