{"id":11606,"date":"2020-01-15T10:36:27","date_gmt":"2020-01-15T13:36:27","guid":{"rendered":"http:\/\/sjcbancarios.com.br\/site\/?p=11606"},"modified":"2020-01-15T10:36:27","modified_gmt":"2020-01-15T13:36:27","slug":"funcionarios-da-casa-da-moeda-estao-parados-no-rio-de-janeiro","status":"publish","type":"post","link":"https:\/\/sjcbancarios.com.br\/site\/noticias\/funcionarios-da-casa-da-moeda-estao-parados-no-rio-de-janeiro\/","title":{"rendered":"Funcion\u00e1rios da Casa da Moeda est\u00e3o parados no Rio de Janeiro"},"content":{"rendered":"<p style=\"text-align: justify;\">Os funcion\u00e1rios da Casa da Moeda do Brasil, estatal respons\u00e1vel pela fabrica\u00e7\u00e3o de notas e moedas de real, dos passaportes emitidos pela Pol\u00edcia Federal (PF) e de selos postais e fiscais, est\u00e3o parados desde a \u00faltima sexta-feira, 10. A estatal foi inclu\u00edda no programa de privatiza\u00e7\u00f5es do governo federal, perdeu o monop\u00f3lio de produ\u00e7\u00e3o em territ\u00f3rio nacional e o sindicato dos empregados est\u00e1 no meio das negocia\u00e7\u00f5es do novo acordo trabalhista com a diretoria. O Banco Central (BC), principal \u201ccliente\u201d da Casa da Moeda, informou que \u201cest\u00e1 ciente da paralisa\u00e7\u00e3o e mant\u00e9m estoques de seguran\u00e7a\u201d de c\u00e9dulas e moedas de metal.<\/p>\n<p style=\"text-align: justify;\">Na sexta-feira, um grupo de empregados ocupou a sede administrativa da estatal, que fica no mesmo complexo do parque fabril, em Santa Cruz, zona oeste do Rio. Na segunda-feira, 13, os funcion\u00e1rios se recusaram a trabalhar ap\u00f3s registrar entrada na f\u00e1brica.<\/p>\n<p style=\"text-align: justify;\">Fonte: Terra \/ Contec<\/p>\n","protected":false},"excerpt":{"rendered":"<p class=\"excerpt\">Os funcion\u00e1rios da Casa da Moeda do Brasil, estatal respons\u00e1vel pela fabrica\u00e7\u00e3o de notas e moedas de real, dos passaportes emitidos pela Pol\u00edcia Federal (PF) e de selos postais e fiscais, est\u00e3o parados desde a \u00faltima sexta-feira, 10. A estatal foi inclu\u00edda no programa de privatiza\u00e7\u00f5es do governo federal, perdeu o monop\u00f3lio de produ\u00e7\u00e3o em [&hellip;]<\/p>\n","protected":false},"author":2,"featured_media":11607,"comment_status":"closed","ping_status":"closed","sticky":false,"template":"","format":"standard","meta":{"_et_pb_use_builder":"","_et_pb_old_content":"","_et_gb_content_width":"","footnotes":""},"categories":[13],"tags":[],"class_list":["post-11606","post","type-post","status-publish","format-standard","has-post-thumbnail","hentry","category-noticias"],"_links":{"self":[{"href":"https:\/\/sjcbancarios.com.br\/site\/wp-json\/wp\/v2\/posts\/11606","targetHints":{"allow":["GET"]}}],"collection":[{"href":"https:\/\/sjcbancarios.com.br\/site\/wp-json\/wp\/v2\/posts"}],"about":[{"href":"https:\/\/sjcbancarios.com.br\/site\/wp-json\/wp\/v2\/types\/post"}],"author":[{"embeddable":true,"href":"https:\/\/sjcbancarios.com.br\/site\/wp-json\/wp\/v2\/users\/2"}],"replies":[{"embeddable":true,"href":"https:\/\/sjcbancarios.com.br\/site\/wp-json\/wp\/v2\/comments?post=11606"}],"version-history":[{"count":0,"href":"https:\/\/sjcbancarios.com.br\/site\/wp-json\/wp\/v2\/posts\/11606\/revisions"}],"wp:featuredmedia":[{"embeddable":true,"href":"https:\/\/sjcbancarios.com.br\/site\/wp-json\/wp\/v2\/media\/11607"}],"wp:attachment":[{"href":"https:\/\/sjcbancarios.com.br\/site\/wp-json\/wp\/v2\/media?parent=11606"}],"wp:term":[{"taxonomy":"category","embeddable":true,"href":"https:\/\/sjcbancarios.com.br\/site\/wp-json\/wp\/v2\/categories?post=11606"},{"taxonomy":"post_tag","embeddable":true,"href":"https:\/\/sjcbancarios.com.br\/site\/wp-json\/wp\/v2\/tags?post=11606"}],"curies":[{"name":"wp","href":"https:\/\/api.w.org\/{rel}","templated":true}]}}