{"id":11516,"date":"2019-12-20T09:30:03","date_gmt":"2019-12-20T12:30:03","guid":{"rendered":"http:\/\/sjcbancarios.com.br\/site\/?p=11516"},"modified":"2019-12-20T09:30:03","modified_gmt":"2019-12-20T12:30:03","slug":"congresso-aprova-minimo-de-r-1-031-em-2020-sem-ganho-acima-da-inflacao","status":"publish","type":"post","link":"https:\/\/sjcbancarios.com.br\/site\/noticias\/congresso-aprova-minimo-de-r-1-031-em-2020-sem-ganho-acima-da-inflacao\/","title":{"rendered":"Congresso aprova m\u00ednimo de R$ 1.031 em 2020, sem ganho acima da infla\u00e7\u00e3o"},"content":{"rendered":"<p style=\"text-align: justify;\">O Congresso aprovou hoje a proposta de Or\u00e7amento prevendo aumento de sal\u00e1rio m\u00ednimo dos atuais R$ 998 para R$ 1.031 no ano que vem.<\/p>\n<p style=\"text-align: justify;\">O valor inclui apenas a corre\u00e7\u00e3o pela infla\u00e7\u00e3o, com base na previs\u00e3o do INPC (\u00cdndice Nacional de Pre\u00e7os ao Consumidor) para este ano, mas n\u00e3o tem ganho real em rela\u00e7\u00e3o ao sal\u00e1rio m\u00ednimo deste ano (R$ 998). Ou seja, apenas mant\u00e9m o mesmo n\u00edvel de antes, considerando a alta do custo de vida.<\/p>\n<p style=\"text-align: justify;\">Esse valor ainda \u00e9 uma previs\u00e3o, porque o reajuste do sal\u00e1rio m\u00ednimo \u00e9 determinado por decreto presidencial, que costuma ser assinado nos \u00faltimos dias do ano.<\/p>\n<p style=\"text-align: justify;\">At\u00e9 l\u00e1, o valor do m\u00ednimo ainda pode ser alterado, dependendo da previs\u00e3o da infla\u00e7\u00e3o quando o decreto for assinado.<\/p>\n<p style=\"text-align: justify;\">Isso aconteceu no ano passado, por exemplo, quando o Congresso aprovou a previs\u00e3o de R$ 1.006 para o m\u00ednimo em 2019, mas o presidente Jair Bolsonaro assinou decreto que estipulou o valor em R$ 998 no dia 1\u00ba de janeiro.<\/p>\n<p style=\"text-align: justify;\"><strong>Governo j\u00e1 diminuiu previs\u00e3o duas vezes<\/strong><br \/>\nA previs\u00e3o de valor do m\u00ednimo para 2020 j\u00e1 foi reajustada duas vezes pelo governo neste ano.<\/p>\n<p style=\"text-align: justify;\">Em abril, o governo enviou ao Congresso o Projeto de Lei de Diretrizes Or\u00e7ament\u00e1rias com a previs\u00e3o do piso nacional de R$ 1.040. Os parlamentares aprovaram o texto com esse valor em outubro, mas o governo j\u00e1 havia enviado o Projeto de Lei Or\u00e7ament\u00e1ria Anual ao Congresso prevendo um m\u00ednimo menor, de R$ 1.039.<\/p>\n<p style=\"text-align: justify;\">Em novembro, por\u00e9m, o governo fez nova revis\u00e3o, diminuindo em R$ 8, para R$ 1.031.<\/p>\n<p style=\"text-align: justify;\">Segundo c\u00e1lculos da equipe econ\u00f4mica, para 2020, cada R$ 1 a mais no sal\u00e1rio m\u00ednimo eleva as despesas da Uni\u00e3o em cerca de R$ 320 milh\u00f5es.<\/p>\n<p style=\"text-align: justify;\">O governo diz que a redu\u00e7\u00e3o na proje\u00e7\u00e3o de infla\u00e7\u00e3o tem \u201cimpacto no valor do sal\u00e1rio m\u00ednimo e consequentemente em benef\u00edcios sociais\u201d. Isso porque alguns desses benef\u00edcios levam em conta o valor do m\u00ednimo, como o reajuste das aposentadorias, por exemplo.<\/p>\n<p style=\"text-align: justify;\">Fonte: UOL \/ CONTEC<\/p>\n","protected":false},"excerpt":{"rendered":"<p class=\"excerpt\">O Congresso aprovou hoje a proposta de Or\u00e7amento prevendo aumento de sal\u00e1rio m\u00ednimo dos atuais R$ 998 para R$ 1.031 no ano que vem. O valor inclui apenas a corre\u00e7\u00e3o pela infla\u00e7\u00e3o, com base na previs\u00e3o do INPC (\u00cdndice Nacional de Pre\u00e7os ao Consumidor) para este ano, mas n\u00e3o tem ganho real em rela\u00e7\u00e3o ao [&hellip;]<\/p>\n","protected":false},"author":2,"featured_media":11517,"comment_status":"closed","ping_status":"closed","sticky":false,"template":"","format":"standard","meta":{"_et_pb_use_builder":"","_et_pb_old_content":"","_et_gb_content_width":"","footnotes":""},"categories":[13],"tags":[],"class_list":["post-11516","post","type-post","status-publish","format-standard","has-post-thumbnail","hentry","category-noticias"],"_links":{"self":[{"href":"https:\/\/sjcbancarios.com.br\/site\/wp-json\/wp\/v2\/posts\/11516","targetHints":{"allow":["GET"]}}],"collection":[{"href":"https:\/\/sjcbancarios.com.br\/site\/wp-json\/wp\/v2\/posts"}],"about":[{"href":"https:\/\/sjcbancarios.com.br\/site\/wp-json\/wp\/v2\/types\/post"}],"author":[{"embeddable":true,"href":"https:\/\/sjcbancarios.com.br\/site\/wp-json\/wp\/v2\/users\/2"}],"replies":[{"embeddable":true,"href":"https:\/\/sjcbancarios.com.br\/site\/wp-json\/wp\/v2\/comments?post=11516"}],"version-history":[{"count":0,"href":"https:\/\/sjcbancarios.com.br\/site\/wp-json\/wp\/v2\/posts\/11516\/revisions"}],"wp:featuredmedia":[{"embeddable":true,"href":"https:\/\/sjcbancarios.com.br\/site\/wp-json\/wp\/v2\/media\/11517"}],"wp:attachment":[{"href":"https:\/\/sjcbancarios.com.br\/site\/wp-json\/wp\/v2\/media?parent=11516"}],"wp:term":[{"taxonomy":"category","embeddable":true,"href":"https:\/\/sjcbancarios.com.br\/site\/wp-json\/wp\/v2\/categories?post=11516"},{"taxonomy":"post_tag","embeddable":true,"href":"https:\/\/sjcbancarios.com.br\/site\/wp-json\/wp\/v2\/tags?post=11516"}],"curies":[{"name":"wp","href":"https:\/\/api.w.org\/{rel}","templated":true}]}}