{"id":11208,"date":"2019-12-12T11:07:00","date_gmt":"2019-12-12T14:07:00","guid":{"rendered":"http:\/\/sjcbancarios.com.br\/site\/?p=11208"},"modified":"2019-12-12T11:07:00","modified_gmt":"2019-12-12T14:07:00","slug":"taxacao-do-seguro-desemprego-reforca-mais-o-caixa-do-governo-do-que-gera-vagas-diz-estudo","status":"publish","type":"post","link":"https:\/\/sjcbancarios.com.br\/site\/noticias\/taxacao-do-seguro-desemprego-reforca-mais-o-caixa-do-governo-do-que-gera-vagas-diz-estudo\/","title":{"rendered":"Taxa\u00e7\u00e3o do seguro-desemprego refor\u00e7a mais o caixa do governo do que gera vagas, diz estudo"},"content":{"rendered":"<p style=\"text-align: justify;\">Estimativa da IFI, do Senado, estima que valor obtido com contribui\u00e7\u00e3o seria maior que o custo com incentivos para jovens<\/p>\n<p style=\"text-align: justify;\">A taxa\u00e7\u00e3o do seguro-desemprego proposta pelo governo para financiar os incentivos \u00e0 contrata\u00e7\u00e3o de jovens do Programa Verde Amarelo vai servir mais para refor\u00e7ar o caixa do governo do que para gerar vagas. Estudo da Institui\u00e7\u00e3o Fiscal Independente (IFI), ligada ao Senado, mostra que a Uni\u00e3o arrecadaria R$ 12,7 bilh\u00f5es em cinco anos com a medida \u2014 valor maior que o impacto de R$ 11,3 bilh\u00f5es da desonera\u00e7\u00e3o prevista pelo pacote, no mesmo per\u00edodo.<\/p>\n<p style=\"text-align: justify;\">O Programa Verde Amarelo reduz encargos de empresas que contratarem jovens de 18 a 29 anos que nunca tenham trabalhado com carteira assinada. Nesse tipo de contrato, empregadores ficam isentos de recolher contribui\u00e7\u00e3o previdenci\u00e1ria, sal\u00e1rio-educa\u00e7\u00e3o e contribui\u00e7\u00f5es para o Sistema S<\/p>\n<p style=\"text-align: justify;\">Al\u00e9m disso, o recolhimento para o FGTS \u00e9 reduzido de 8% para 2%. Os benef\u00edcios s\u00e3o v\u00e1lidos apenas caso o remunera\u00e7\u00e3o seja de at\u00e9 1,5 sal\u00e1rio.<\/p>\n<p style=\"text-align: justify;\">Como essas medidas resultam em perda de arrecada\u00e7\u00e3o, o governo decidiu criar uma contribui\u00e7\u00e3o de 7,5% sobre os benef\u00edcios do seguro-desemprego. A cobran\u00e7a seria uma forma de compensar esse custo. Hoje, o aux\u00edlio pago aos desempregados n\u00e3o \u00e9 taxado.O estudo da IFI chegou \u00e0 conclus\u00e3o que a medida n\u00e3o serve apenas para compensar os custos do programa, mas geraria um refor\u00e7o na arrecada\u00e7\u00e3o. Para calcular esse impacto nas contas p\u00fablicas, o \u00f3rg\u00e3o levou em considera\u00e7\u00e3o a contrata\u00e7\u00e3o de 1,8 milh\u00e3o de jovens na nova modalidade nos pr\u00f3ximos tr\u00eas anos \u2014 proje\u00e7\u00e3o oficial do governo.<\/p>\n<p style=\"text-align: justify;\">Caso essa meta n\u00e3o seja atingida, a diferen\u00e7a entre o potencial de arrecada\u00e7\u00e3o da medida e o custo seria ainda maior. De acordo com a estimativa da IFI, caso metade do objetivo fosse alcan\u00e7ado \u2014 ou seja, 900 mil vagas geradas \u2014, a ren\u00fancia fiscal seria de R$ 5,7 bilh\u00f5es. Como a taxa\u00e7\u00e3o do seguro-desemprego \u00e9 fixa, o governo embolsaria R$ 7 bilh\u00f5es de arrecada\u00e7\u00e3o extra.<\/p>\n<p style=\"text-align: justify;\">A contribui\u00e7\u00e3o sobre o seguro-desemprego \u00e9 o ponto mais pol\u00eamico da medida provis\u00f3ria que criou o Programa Verde Amarelo. O texto est\u00e1 em an\u00e1lise no Congresso.<\/p>\n<p style=\"text-align: justify;\">Gostou da nossa mat\u00e9ria? Clique aqui para assinar a nossa newsletter e receba mais conte\u00fados.<\/p>\n<p style=\"text-align: justify;\">Fonte: \u00c9poca Neg\u00f3cios \/ CONTEC<\/p>\n","protected":false},"excerpt":{"rendered":"<p class=\"excerpt\">Estimativa da IFI, do Senado, estima que valor obtido com contribui\u00e7\u00e3o seria maior que o custo com incentivos para jovens A taxa\u00e7\u00e3o do seguro-desemprego proposta pelo governo para financiar os incentivos \u00e0 contrata\u00e7\u00e3o de jovens do Programa Verde Amarelo vai servir mais para refor\u00e7ar o caixa do governo do que para gerar vagas. Estudo da [&hellip;]<\/p>\n","protected":false},"author":2,"featured_media":11209,"comment_status":"closed","ping_status":"closed","sticky":false,"template":"","format":"standard","meta":{"_et_pb_use_builder":"","_et_pb_old_content":"","_et_gb_content_width":"","footnotes":""},"categories":[13],"tags":[],"class_list":["post-11208","post","type-post","status-publish","format-standard","has-post-thumbnail","hentry","category-noticias"],"_links":{"self":[{"href":"https:\/\/sjcbancarios.com.br\/site\/wp-json\/wp\/v2\/posts\/11208","targetHints":{"allow":["GET"]}}],"collection":[{"href":"https:\/\/sjcbancarios.com.br\/site\/wp-json\/wp\/v2\/posts"}],"about":[{"href":"https:\/\/sjcbancarios.com.br\/site\/wp-json\/wp\/v2\/types\/post"}],"author":[{"embeddable":true,"href":"https:\/\/sjcbancarios.com.br\/site\/wp-json\/wp\/v2\/users\/2"}],"replies":[{"embeddable":true,"href":"https:\/\/sjcbancarios.com.br\/site\/wp-json\/wp\/v2\/comments?post=11208"}],"version-history":[{"count":0,"href":"https:\/\/sjcbancarios.com.br\/site\/wp-json\/wp\/v2\/posts\/11208\/revisions"}],"wp:featuredmedia":[{"embeddable":true,"href":"https:\/\/sjcbancarios.com.br\/site\/wp-json\/wp\/v2\/media\/11209"}],"wp:attachment":[{"href":"https:\/\/sjcbancarios.com.br\/site\/wp-json\/wp\/v2\/media?parent=11208"}],"wp:term":[{"taxonomy":"category","embeddable":true,"href":"https:\/\/sjcbancarios.com.br\/site\/wp-json\/wp\/v2\/categories?post=11208"},{"taxonomy":"post_tag","embeddable":true,"href":"https:\/\/sjcbancarios.com.br\/site\/wp-json\/wp\/v2\/tags?post=11208"}],"curies":[{"name":"wp","href":"https:\/\/api.w.org\/{rel}","templated":true}]}}