{"id":11138,"date":"2019-11-20T13:29:09","date_gmt":"2019-11-20T16:29:09","guid":{"rendered":"http:\/\/sjcbancarios.com.br\/site\/?p=11138"},"modified":"2019-11-21T13:30:27","modified_gmt":"2019-11-21T16:30:27","slug":"20-de-novembro-dia-da-consciencia-negra","status":"publish","type":"post","link":"https:\/\/sjcbancarios.com.br\/site\/noticias\/20-de-novembro-dia-da-consciencia-negra\/","title":{"rendered":"20 DE NOVEMBRO: Dia da Consci\u00eancia Negra"},"content":{"rendered":"<p style=\"text-align: justify;\">Nesta quarta-feira, dia 20 de novembro, o Dia da Consci\u00eancia Negra \u00e9 comemorado em todo o Brasil. A data homenageia Zumbi dos Palmares, escravo l\u00edder do Quilombo dos Palmares, que morreu em 20 de Novembro de 1695 lutando pelo fim da escravid\u00e3o.<\/p>\n<p style=\"text-align: justify;\">Nesta data \u00e9 momento tamb\u00e9m de reflex\u00e3o sobre o relevo da cultura e do povo africano e o impacto que tiveram na evolu\u00e7\u00e3o da cultura brasileira. Sociologia, pol\u00edtica, religi\u00e3o e gastronomia entre v\u00e1rias outras \u00e1reas, foram profundamente influenciadas pelas culturas negra e africanas. \u00c9 dia de comemorar e mostrar profundo apre\u00e7o pela cultura afro-brasileira.<\/p>\n<p style=\"text-align: justify;\">Mas tamb\u00e9m \u00e9 momento de falarmos sobre crimes que marcam a vida de muitas brasileiras e brasileiros: o racismo e a inj\u00faria racial.<\/p>\n<p style=\"text-align: justify;\">De acordo com o Atlas da Viol\u00eancia 2017, a popula\u00e7\u00e3o negra tamb\u00e9m corresponde a maioria (78,9%) dos 10% dos indiv\u00edduos com mais chances de serem v\u00edtimas de homic\u00eddios. Atualmente, de cada 100 pessoas assassinadas no Brasil, 71 s\u00e3o negras. De acordo com informa\u00e7\u00f5es do Atlas, os negros possuem chances 23,5% maiores de serem assassinados em rela\u00e7\u00e3o a brasileiros de outras ra\u00e7as, j\u00e1 descontado o efeito da idade, escolaridade, do sexo, estado civil e bairro de resid\u00eancia.<br \/>\nutro dado revela a persist\u00eancia da rela\u00e7\u00e3o entre o recorte racial e a viol\u00eancia no Brasil. Enquanto a mortalidade de n\u00e3o-negras (brancas, amarelas e ind\u00edgenas) caiu 7,4% entre 2005 e 2015, entre as mulheres negras o \u00edndice subiu 22%.<\/p>\n<p style=\"text-align: justify;\">Diante dessa triste realidade, temos de nos unir em torno da luta para conscientizar a popula\u00e7\u00e3o sobre a necessidade de se combater todas as formas de discrimina\u00e7\u00e3o. O Brasil \u00e9 um pa\u00eds plural, diverso, amplo e democr\u00e1tico. Temos de nos unir para fortalecer essas caracter\u00edsticas. Diga n\u00e3o ao racismo! N\u00e3o a viol\u00eancia contra mulheres! Diga n\u00e3o a discrimina\u00e7\u00e3o!<\/p>\n<p style=\"text-align: justify;\">Fonte: CONTEC<\/p>\n","protected":false},"excerpt":{"rendered":"<p class=\"excerpt\">Nesta quarta-feira, dia 20 de novembro, o Dia da Consci\u00eancia Negra \u00e9 comemorado em todo o Brasil. A data homenageia Zumbi dos Palmares, escravo l\u00edder do Quilombo dos Palmares, que morreu em 20 de Novembro de 1695 lutando pelo fim da escravid\u00e3o. Nesta data \u00e9 momento tamb\u00e9m de reflex\u00e3o sobre o relevo da cultura e [&hellip;]<\/p>\n","protected":false},"author":2,"featured_media":11139,"comment_status":"closed","ping_status":"closed","sticky":false,"template":"","format":"standard","meta":{"_et_pb_use_builder":"","_et_pb_old_content":"","_et_gb_content_width":"","footnotes":""},"categories":[13],"tags":[],"class_list":["post-11138","post","type-post","status-publish","format-standard","has-post-thumbnail","hentry","category-noticias"],"_links":{"self":[{"href":"https:\/\/sjcbancarios.com.br\/site\/wp-json\/wp\/v2\/posts\/11138","targetHints":{"allow":["GET"]}}],"collection":[{"href":"https:\/\/sjcbancarios.com.br\/site\/wp-json\/wp\/v2\/posts"}],"about":[{"href":"https:\/\/sjcbancarios.com.br\/site\/wp-json\/wp\/v2\/types\/post"}],"author":[{"embeddable":true,"href":"https:\/\/sjcbancarios.com.br\/site\/wp-json\/wp\/v2\/users\/2"}],"replies":[{"embeddable":true,"href":"https:\/\/sjcbancarios.com.br\/site\/wp-json\/wp\/v2\/comments?post=11138"}],"version-history":[{"count":0,"href":"https:\/\/sjcbancarios.com.br\/site\/wp-json\/wp\/v2\/posts\/11138\/revisions"}],"wp:featuredmedia":[{"embeddable":true,"href":"https:\/\/sjcbancarios.com.br\/site\/wp-json\/wp\/v2\/media\/11139"}],"wp:attachment":[{"href":"https:\/\/sjcbancarios.com.br\/site\/wp-json\/wp\/v2\/media?parent=11138"}],"wp:term":[{"taxonomy":"category","embeddable":true,"href":"https:\/\/sjcbancarios.com.br\/site\/wp-json\/wp\/v2\/categories?post=11138"},{"taxonomy":"post_tag","embeddable":true,"href":"https:\/\/sjcbancarios.com.br\/site\/wp-json\/wp\/v2\/tags?post=11138"}],"curies":[{"name":"wp","href":"https:\/\/api.w.org\/{rel}","templated":true}]}}