{"id":11101,"date":"2019-11-14T11:07:44","date_gmt":"2019-11-14T14:07:44","guid":{"rendered":"http:\/\/sjcbancarios.com.br\/site\/?p=11101"},"modified":"2019-11-18T11:10:11","modified_gmt":"2019-11-18T14:10:11","slug":"centrais-sindicais-falam-em-maldades-e-organizam-protestos","status":"publish","type":"post","link":"https:\/\/sjcbancarios.com.br\/site\/noticias\/centrais-sindicais-falam-em-maldades-e-organizam-protestos\/","title":{"rendered":"Centrais sindicais falam em \u2018maldades\u2019 e organizam protestos"},"content":{"rendered":"<p style=\"text-align: justify;\">Alvos s\u00e3o pacote que muda gest\u00e3o das contas do governo federal e programa de emprego; S\u00e3o Paulo tem ato hoje (Por Cleide Silva)<\/p>\n<p style=\"text-align: justify;\">Oito centrais sindicais, entre elas CUT, For\u00e7a Sindical e UGT, realizam na manh\u00e3 de hoje protesto em frente ao Teatro Municipal, na regi\u00e3o central de S\u00e3o Paulo, contra o desemprego, o pacote econ\u00f4mico do governo lan\u00e7ado na semana passada e o programa Verde Amarelo, que tem como lema incentivar a contrata\u00e7\u00e3o de jovens \u2013 mas que inclui medidas que est\u00e3o sendo vistas como uma nova reforma trabalhista. Entre outros pontos, o programa prop\u00f5e taxar trabalhadores que est\u00e3o no seguro-desemprego.<\/p>\n<p style=\"text-align: justify;\">\u201cO programa deve gerar empregos, sim, mas empregos que n\u00e3o v\u00e3o sustentar o crescimento do Pa\u00eds, al\u00e9m de retirarem v\u00e1rios direitos dos trabalhadores\u201d, disse Jo\u00e3o Carlos Gon\u00e7alves, o Juruna, secret\u00e1rio-geral da For\u00e7a Sindical. Para ele, o Pa\u00eds precisa de pol\u00edticas claras para as ind\u00fastrias e para a infraestrutura para atrair investimentos.<\/p>\n<p style=\"text-align: justify;\"><strong>Carteira de trabalho: seguro-desemprego<\/strong><br \/>\nO governo chegou a cogitar incluir trabalhadores com mais de 50 anos no programa Foto: Tiago Queiroz\/Estad\u00e3o<br \/>\nEle cita como \u201ccontradi\u00e7\u00e3o\u201d do governo Bolsonaro propor a abertura dos bancos aos s\u00e1bados, j\u00e1 que a pr\u00f3pria reforma trabalhista estabeleceu a validade do negociado sobre o legislado. \u201cOs banc\u00e1rios acabaram de fazer acordo coletivo com os bancos estabelecendo jornada de 36 horas semanais e agora querem que as ag\u00eancias funcionem aos s\u00e1bados.\u201d<\/p>\n<p style=\"text-align: justify;\">O ato de hoje, previsto para come\u00e7ar \u00e0s 9h, vai reunir tamb\u00e9m as centrais CTB, Nova Central, CSB, Conlutas e Intersindical. \u201c\u00c9 o primeiro de uma s\u00e9rie de protestos que vamos fazer em v\u00e1rias capitais\u201d, afirmou Juruna. \u201c\u00c9 um ato unit\u00e1rio contra o pacote de maldades que prejudica a classe trabalhadora e os mais pobres.\u201d<\/p>\n<p style=\"text-align: justify;\">O pacote levado ao Senado na semana passada, composto por tr\u00eas PECs e que muda a gest\u00e3o do gasto p\u00fablico no Pa\u00eds, tamb\u00e9m \u00e9 alvo do protesto. Na vis\u00e3o das centrais, as medidas podem levar a um \u201carrocho\u201d nos investimentos em Sa\u00fade e Educa\u00e7\u00e3o e \u201cagravar a precariza\u00e7\u00e3o dos servi\u00e7os p\u00fablicos\u201d.<\/p>\n<p style=\"text-align: justify;\">Fonte: Estad\u00e3o \/ CONTEC<\/p>\n","protected":false},"excerpt":{"rendered":"<p class=\"excerpt\">Alvos s\u00e3o pacote que muda gest\u00e3o das contas do governo federal e programa de emprego; S\u00e3o Paulo tem ato hoje (Por Cleide Silva) Oito centrais sindicais, entre elas CUT, For\u00e7a Sindical e UGT, realizam na manh\u00e3 de hoje protesto em frente ao Teatro Municipal, na regi\u00e3o central de S\u00e3o Paulo, contra o desemprego, o pacote [&hellip;]<\/p>\n","protected":false},"author":2,"featured_media":11102,"comment_status":"closed","ping_status":"closed","sticky":false,"template":"","format":"standard","meta":{"_et_pb_use_builder":"","_et_pb_old_content":"","_et_gb_content_width":"","footnotes":""},"categories":[13],"tags":[],"class_list":["post-11101","post","type-post","status-publish","format-standard","has-post-thumbnail","hentry","category-noticias"],"_links":{"self":[{"href":"https:\/\/sjcbancarios.com.br\/site\/wp-json\/wp\/v2\/posts\/11101","targetHints":{"allow":["GET"]}}],"collection":[{"href":"https:\/\/sjcbancarios.com.br\/site\/wp-json\/wp\/v2\/posts"}],"about":[{"href":"https:\/\/sjcbancarios.com.br\/site\/wp-json\/wp\/v2\/types\/post"}],"author":[{"embeddable":true,"href":"https:\/\/sjcbancarios.com.br\/site\/wp-json\/wp\/v2\/users\/2"}],"replies":[{"embeddable":true,"href":"https:\/\/sjcbancarios.com.br\/site\/wp-json\/wp\/v2\/comments?post=11101"}],"version-history":[{"count":0,"href":"https:\/\/sjcbancarios.com.br\/site\/wp-json\/wp\/v2\/posts\/11101\/revisions"}],"wp:featuredmedia":[{"embeddable":true,"href":"https:\/\/sjcbancarios.com.br\/site\/wp-json\/wp\/v2\/media\/11102"}],"wp:attachment":[{"href":"https:\/\/sjcbancarios.com.br\/site\/wp-json\/wp\/v2\/media?parent=11101"}],"wp:term":[{"taxonomy":"category","embeddable":true,"href":"https:\/\/sjcbancarios.com.br\/site\/wp-json\/wp\/v2\/categories?post=11101"},{"taxonomy":"post_tag","embeddable":true,"href":"https:\/\/sjcbancarios.com.br\/site\/wp-json\/wp\/v2\/tags?post=11101"}],"curies":[{"name":"wp","href":"https:\/\/api.w.org\/{rel}","templated":true}]}}