{"id":11078,"date":"2019-11-07T14:39:05","date_gmt":"2019-11-07T17:39:05","guid":{"rendered":"http:\/\/sjcbancarios.com.br\/site\/?p=11078"},"modified":"2019-11-07T14:39:05","modified_gmt":"2019-11-07T17:39:05","slug":"juridico-do-sindicato-reintegra-bancaria-do-santander-pela-segunda-vez","status":"publish","type":"post","link":"https:\/\/sjcbancarios.com.br\/site\/noticias-em-destaque\/juridico-do-sindicato-reintegra-bancaria-do-santander-pela-segunda-vez\/","title":{"rendered":"Jur\u00eddico do Sindicato reintegra banc\u00e1ria do Santander pela segunda vez"},"content":{"rendered":"<p style=\"text-align: justify;\">No \u00faltimo dia 06 de novembro, a banc\u00e1ria Sandra Mara Torralbo, foi reintegrada pela segunda vez, \u00e0s suas fun\u00e7\u00f5es no Banco Santander, na ag\u00eancia de Caraguatatuba, em cumprimento \u00e0 determina\u00e7\u00e3o judicial em a\u00e7\u00e3o movida pelo Sindicato contra o Banco.<\/p>\n<p>A Reclama\u00e7\u00e3o Trabalhista foi proposta pelo Departamento Jur\u00eddico do Sindicato em 2016, logo ap\u00f3s a dispensa indevida da banc\u00e1ria que se encontrava em estabilidade pr\u00e9-aposentadoria. A demiss\u00e3o considerada obstativa de direitos, determinando a reintegra\u00e7\u00e3o da banc\u00e1ria e sua manuten\u00e7\u00e3o no emprego at\u00e9 que completasse o tempo para concess\u00e3o da aposentadoria.<\/p>\n<p>Ocorre que, em janeiro deste ano, embora j\u00e1 atingido o tempo para a aposentadoria, ainda n\u00e3o havia sido concedido o benef\u00edcio \u00e0 empregada, pelo INSS, e o Banco, arbitrariamente a dispensou novamente em 07 de janeiro, n\u00e3o tendo aguardado a concess\u00e3o do benef\u00edcio, conforme determinado em senten\u00e7a.<\/p>\n<p>A irregularidade foi imediatamente comunicada ao ju\u00edzo pelo Departamento Jur\u00eddico do Sindicato, sendo ent\u00e3o determinada a nova reintegra\u00e7\u00e3o da banc\u00e1ria com data retroativa ao segundo desligamento, a fim de serem garantidos seus direitos. <\/p>\n","protected":false},"excerpt":{"rendered":"<p class=\"excerpt\">No \u00faltimo dia 06 de novembro, a banc\u00e1ria Sandra Mara Torralbo, foi reintegrada pela segunda vez, \u00e0s suas fun\u00e7\u00f5es no Banco Santander, na ag\u00eancia de Caraguatatuba, em cumprimento \u00e0 determina\u00e7\u00e3o judicial em a\u00e7\u00e3o movida pelo Sindicato contra o Banco. A Reclama\u00e7\u00e3o Trabalhista foi proposta pelo Departamento Jur\u00eddico do Sindicato em 2016, logo ap\u00f3s a dispensa [&hellip;]<\/p>\n","protected":false},"author":2,"featured_media":11079,"comment_status":"closed","ping_status":"closed","sticky":false,"template":"","format":"standard","meta":{"_et_pb_use_builder":"","_et_pb_old_content":"","_et_gb_content_width":"","footnotes":""},"categories":[155],"tags":[],"class_list":["post-11078","post","type-post","status-publish","format-standard","has-post-thumbnail","hentry","category-noticias-em-destaque"],"_links":{"self":[{"href":"https:\/\/sjcbancarios.com.br\/site\/wp-json\/wp\/v2\/posts\/11078","targetHints":{"allow":["GET"]}}],"collection":[{"href":"https:\/\/sjcbancarios.com.br\/site\/wp-json\/wp\/v2\/posts"}],"about":[{"href":"https:\/\/sjcbancarios.com.br\/site\/wp-json\/wp\/v2\/types\/post"}],"author":[{"embeddable":true,"href":"https:\/\/sjcbancarios.com.br\/site\/wp-json\/wp\/v2\/users\/2"}],"replies":[{"embeddable":true,"href":"https:\/\/sjcbancarios.com.br\/site\/wp-json\/wp\/v2\/comments?post=11078"}],"version-history":[{"count":0,"href":"https:\/\/sjcbancarios.com.br\/site\/wp-json\/wp\/v2\/posts\/11078\/revisions"}],"wp:featuredmedia":[{"embeddable":true,"href":"https:\/\/sjcbancarios.com.br\/site\/wp-json\/wp\/v2\/media\/11079"}],"wp:attachment":[{"href":"https:\/\/sjcbancarios.com.br\/site\/wp-json\/wp\/v2\/media?parent=11078"}],"wp:term":[{"taxonomy":"category","embeddable":true,"href":"https:\/\/sjcbancarios.com.br\/site\/wp-json\/wp\/v2\/categories?post=11078"},{"taxonomy":"post_tag","embeddable":true,"href":"https:\/\/sjcbancarios.com.br\/site\/wp-json\/wp\/v2\/tags?post=11078"}],"curies":[{"name":"wp","href":"https:\/\/api.w.org\/{rel}","templated":true}]}}