{"id":11016,"date":"2019-10-30T09:50:17","date_gmt":"2019-10-30T12:50:17","guid":{"rendered":"http:\/\/sjcbancarios.com.br\/site\/?p=11016"},"modified":"2019-11-01T09:53:34","modified_gmt":"2019-11-01T12:53:34","slug":"contec-realiza-debate-sobre-a-reforma-sindical","status":"publish","type":"post","link":"https:\/\/sjcbancarios.com.br\/site\/noticias\/contec-realiza-debate-sobre-a-reforma-sindical\/","title":{"rendered":"Contec realiza debate sobre a reforma sindical"},"content":{"rendered":"<p style=\"text-align: justify;\">Nesta quarta-feira (30\/11) foi realizado, na sede da CONTEC, em Bras\u00edlia, um ciclo de debates sobre a reforma sindical, quando foram ouvidos o analista pol\u00edtico do DIAP, Andr\u00e9 Luiz dos Santos; o negociador da FENABAN, Adauto de Oliveira Duarte; e, o coordenador do FST, Prof. Oswaldo Augusto de Barros.<\/p>\n<p style=\"text-align: justify;\">Cerca de 60 dirigentes sindicais analisaram objetivamente o PL 5552\/2019 \u2013 elaborado pelo FST, integrado pelas Confedera\u00e7\u00f5es Nacionais dos Trabalhadores e apresentado pelo Deputado Lincoln Portela (PR-MG) \u2013, que regulamenta o artigo 8\u00ba da Constitui\u00e7\u00e3o Federal.<\/p>\n<p style=\"text-align: justify;\">Tamb\u00e9m foram analisados estudos realizados pelo Deputado Marcelo Ramos (PR-AM) quanto \u00e0 PEC que altera profundamente o Art. 8\u00ba da Constitui\u00e7\u00e3o Federal, que dever\u00e1 ser apresentada na C\u00e2mara Federal.<\/p>\n<p style=\"text-align: justify;\">Ao final dos debates, restou aprovado o que segue:<br \/>\na) Defesa da unicidade sindical;<br \/>\nb) Defesa do PL 5552, com as altera\u00e7\u00f5es sugeridas pelos presentes;<br \/>\nc) Realiza\u00e7\u00e3o de eventos semelhantes ao de hoje pelas Federa\u00e7\u00f5es, para convencimento dos parlamentares em suas respectivas bases; e,<br \/>\nd) A\u00e7\u00e3o pol\u00edtica coordenada no Congresso Nacional.<\/p>\n<p>Fonte: CONTEC<\/p>\n","protected":false},"excerpt":{"rendered":"<p class=\"excerpt\">Nesta quarta-feira (30\/11) foi realizado, na sede da CONTEC, em Bras\u00edlia, um ciclo de debates sobre a reforma sindical, quando foram ouvidos o analista pol\u00edtico do DIAP, Andr\u00e9 Luiz dos Santos; o negociador da FENABAN, Adauto de Oliveira Duarte; e, o coordenador do FST, Prof. Oswaldo Augusto de Barros. Cerca de 60 dirigentes sindicais analisaram [&hellip;]<\/p>\n","protected":false},"author":2,"featured_media":11018,"comment_status":"closed","ping_status":"closed","sticky":false,"template":"","format":"standard","meta":{"_et_pb_use_builder":"","_et_pb_old_content":"","_et_gb_content_width":"","footnotes":""},"categories":[13],"tags":[],"class_list":["post-11016","post","type-post","status-publish","format-standard","has-post-thumbnail","hentry","category-noticias"],"_links":{"self":[{"href":"https:\/\/sjcbancarios.com.br\/site\/wp-json\/wp\/v2\/posts\/11016","targetHints":{"allow":["GET"]}}],"collection":[{"href":"https:\/\/sjcbancarios.com.br\/site\/wp-json\/wp\/v2\/posts"}],"about":[{"href":"https:\/\/sjcbancarios.com.br\/site\/wp-json\/wp\/v2\/types\/post"}],"author":[{"embeddable":true,"href":"https:\/\/sjcbancarios.com.br\/site\/wp-json\/wp\/v2\/users\/2"}],"replies":[{"embeddable":true,"href":"https:\/\/sjcbancarios.com.br\/site\/wp-json\/wp\/v2\/comments?post=11016"}],"version-history":[{"count":0,"href":"https:\/\/sjcbancarios.com.br\/site\/wp-json\/wp\/v2\/posts\/11016\/revisions"}],"wp:featuredmedia":[{"embeddable":true,"href":"https:\/\/sjcbancarios.com.br\/site\/wp-json\/wp\/v2\/media\/11018"}],"wp:attachment":[{"href":"https:\/\/sjcbancarios.com.br\/site\/wp-json\/wp\/v2\/media?parent=11016"}],"wp:term":[{"taxonomy":"category","embeddable":true,"href":"https:\/\/sjcbancarios.com.br\/site\/wp-json\/wp\/v2\/categories?post=11016"},{"taxonomy":"post_tag","embeddable":true,"href":"https:\/\/sjcbancarios.com.br\/site\/wp-json\/wp\/v2\/tags?post=11016"}],"curies":[{"name":"wp","href":"https:\/\/api.w.org\/{rel}","templated":true}]}}