{"id":11001,"date":"2019-10-30T11:17:46","date_gmt":"2019-10-30T14:17:46","guid":{"rendered":"http:\/\/sjcbancarios.com.br\/site\/?p=11001"},"modified":"2019-10-30T11:17:46","modified_gmt":"2019-10-30T14:17:46","slug":"comissao-de-trabalho-debate-reforma-sindical-nesta-terca-29","status":"publish","type":"post","link":"https:\/\/sjcbancarios.com.br\/site\/noticias\/comissao-de-trabalho-debate-reforma-sindical-nesta-terca-29\/","title":{"rendered":"Comiss\u00e3o de Trabalho debate Reforma Sindical nesta ter\u00e7a (29)"},"content":{"rendered":"<p style=\"text-align: justify;\">O colegiado debate, nesta ter\u00e7a-feira (29), a Reforma Sindical. A audi\u00eancia p\u00fablica atende a requerimento da deputada Alice Portugal (PCdoB-BA), que destaca que o debate sobre a Reforma Sindical tem ganhado impulso entre as entidades, no governo e no Parlamento e tende a ter desdobramento em breve. <\/p>\n<p style=\"text-align: justify;\">Ela explica ainda que o governo federal editou portaria para instituir Grupo de Altos Estudos do Trabalho (Gaet) com o objetivo de avaliar o mercado de trabalho brasileiro sob a \u00f3tica da moderniza\u00e7\u00e3o das rela\u00e7\u00f5es trabalhistas e mat\u00e9rias correlatas.<\/p>\n<p style=\"text-align: justify;\">\u201cAs centrais sindicais iniciaram discuss\u00e3o com o presidente da C\u00e2mara, Rodrigo Maia (DEM-RJ), para chegar a uma proposta de Reforma Sindical negociada entre entidades patronais, de trabalhadores e o Congresso\u201d, afirma. Segundo ela, a inten\u00e7\u00e3o \u00e9 antecipar \u00e0 reforma em elabora\u00e7\u00e3o pelo grupo de trabalho do governo.<\/p>\n<p style=\"text-align: justify;\">Foram convidados os presidentes das centrais sindicais \u2014 CTB, CUT, UGT e For\u00e7a \u2014 e ainda o secret\u00e1rio do Trabalho da Secretaria Especial de Previd\u00eancia e Trabalho, do Minist\u00e9rio da Economia, Bruno Dalcomo; o presidente da Confedera\u00e7\u00e3o Nacional dos Trabalhadores no Com\u00e9rcio (CNTC), Levi Fernandes Pinto; e o representante da Federa\u00e7\u00e3o Nacional de Instala\u00e7\u00e3o de Infraestrutura de Redes de Telecomunica\u00e7\u00f5es e de Inform\u00e1tica.<\/p>\n<p style=\"text-align: justify;\">A reuni\u00e3o vai ser realizada \u00e0s 14 horas, em plen\u00e1rio a definir.<\/p>\n<p style=\"text-align: justify;\">A proposta apresentada pelo deputado Marcelo Ramos (PL-AM) caiu 2 vezes em raz\u00e3o de que v\u00e1rios deputados retiraram as assinaturas em apoio \u00e0 PEC. O texto dever\u00e1 ser reapresentado nesta semana.<\/p>\n<p style=\"text-align: justify;\">Fonte: Diap \/ CONTEC<\/p>\n","protected":false},"excerpt":{"rendered":"<p class=\"excerpt\">O colegiado debate, nesta ter\u00e7a-feira (29), a Reforma Sindical. A audi\u00eancia p\u00fablica atende a requerimento da deputada Alice Portugal (PCdoB-BA), que destaca que o debate sobre a Reforma Sindical tem ganhado impulso entre as entidades, no governo e no Parlamento e tende a ter desdobramento em breve. Ela explica ainda que o governo federal editou [&hellip;]<\/p>\n","protected":false},"author":2,"featured_media":11002,"comment_status":"closed","ping_status":"closed","sticky":false,"template":"","format":"standard","meta":{"_et_pb_use_builder":"","_et_pb_old_content":"","_et_gb_content_width":"","footnotes":""},"categories":[13],"tags":[],"class_list":["post-11001","post","type-post","status-publish","format-standard","has-post-thumbnail","hentry","category-noticias"],"_links":{"self":[{"href":"https:\/\/sjcbancarios.com.br\/site\/wp-json\/wp\/v2\/posts\/11001","targetHints":{"allow":["GET"]}}],"collection":[{"href":"https:\/\/sjcbancarios.com.br\/site\/wp-json\/wp\/v2\/posts"}],"about":[{"href":"https:\/\/sjcbancarios.com.br\/site\/wp-json\/wp\/v2\/types\/post"}],"author":[{"embeddable":true,"href":"https:\/\/sjcbancarios.com.br\/site\/wp-json\/wp\/v2\/users\/2"}],"replies":[{"embeddable":true,"href":"https:\/\/sjcbancarios.com.br\/site\/wp-json\/wp\/v2\/comments?post=11001"}],"version-history":[{"count":0,"href":"https:\/\/sjcbancarios.com.br\/site\/wp-json\/wp\/v2\/posts\/11001\/revisions"}],"wp:featuredmedia":[{"embeddable":true,"href":"https:\/\/sjcbancarios.com.br\/site\/wp-json\/wp\/v2\/media\/11002"}],"wp:attachment":[{"href":"https:\/\/sjcbancarios.com.br\/site\/wp-json\/wp\/v2\/media?parent=11001"}],"wp:term":[{"taxonomy":"category","embeddable":true,"href":"https:\/\/sjcbancarios.com.br\/site\/wp-json\/wp\/v2\/categories?post=11001"},{"taxonomy":"post_tag","embeddable":true,"href":"https:\/\/sjcbancarios.com.br\/site\/wp-json\/wp\/v2\/tags?post=11001"}],"curies":[{"name":"wp","href":"https:\/\/api.w.org\/{rel}","templated":true}]}}