{"id":10948,"date":"2019-10-23T10:57:02","date_gmt":"2019-10-23T13:57:02","guid":{"rendered":"http:\/\/sjcbancarios.com.br\/site\/?p=10948"},"modified":"2019-10-23T11:32:23","modified_gmt":"2019-10-23T14:32:23","slug":"doencas-invisiveis-atingem-a-categoria-bancaria","status":"publish","type":"post","link":"https:\/\/sjcbancarios.com.br\/site\/noticias-em-destaque\/doencas-invisiveis-atingem-a-categoria-bancaria\/","title":{"rendered":"Doen\u00e7as invis\u00edveis atingem a categoria banc\u00e1ria"},"content":{"rendered":"<p style=\"text-align: justify;\">Medo do desemprego, perda de fun\u00e7\u00e3o e descomissionamento; a realiza\u00e7\u00e3o de servi\u00e7os m\u00faltiplos, no caixa, de venda de produtos e gerenciamento de contas; a implanta\u00e7\u00e3o de novas tecnologias e o receio de n\u00e3o estar preparado para trabalhar com elas; as incertezas com os cen\u00e1rios pol\u00edtico e econ\u00f4mico do pa\u00eds; a constante cobran\u00e7a pelo cumprimento de metas e o ass\u00e9dio moral s\u00e3o algumas das poss\u00edveis causas do aumento dos transtornos mentais entre os trabalhadores. Ansiedade, depress\u00e3o e o burnout est\u00e3o entre as doen\u00e7as que mais atingem aos trabalhadores.<\/p>\n<p style=\"text-align: justify;\">Um levantamento realizado pela International Stress Management Association, aponta que, em 2018, nove em cada 10 brasileiros no mercado de trabalho apresentam sintomas de ansiedade e cerca de 47% sofrem de depress\u00e3o. Outro estudo, realizado pela Talenses Executive, aponta que 70% dos executivos que ocupam cargo de chefia j\u00e1 apresentou, em algum momento da carreira, algum transtorno mental relacionado ao trabalho.<\/p>\n<p style=\"text-align: justify;\">No caso espec\u00edfico da categoria banc\u00e1ria, dados do Instituto Nacional de Seguridade Social (INSS), compilados pelo Departamento Intersindical de Estat\u00edstica e Estudos Socioecon\u00f4micos (Dieese), apontam que, em 2013, os transtornos mentais deixaram para tr\u00e1s as les\u00f5es por esfor\u00e7os repetitivos e os dist\u00farbios osteomusculares relacionados ao trabalho (LER\/Dort) e se tornaram a principal causa de afastamento para tratamento de sa\u00fade na categoria banc\u00e1ria.<\/p>\n<p style=\"text-align: justify;\">A situa\u00e7\u00e3o \u00e9 muito preocupante. Os casos de transtornos mentais est\u00e3o aumentando em v\u00e1rias categorias. Entre os banc\u00e1rios ela \u00e9 agravada pelas reestrutura\u00e7\u00f5es dos bancos e pelas cobran\u00e7as abusivas sobre metas inating\u00edveis, lembrando que, recentemente, o banco Santander foi condenado pela pr\u00e1tica de estabelecimento de metas inating\u00edveis.<\/p>\n<p style=\"text-align: justify;\"><strong>Tecnologia X sa\u00fade<\/strong><br \/>\nO avan\u00e7o tecnol\u00f3gico contribui sobremaneira para tornar diversos processos de trabalho mais produtivos. Os lucros aumentam proporcionalmente \u00e0 contribui\u00e7\u00e3o que a tecnologia d\u00e1 ao aumento da produ\u00e7\u00e3o. Mas, quando n\u00e3o \u00e9 bem utilizada, a tecnologia obriga os trabalhadores a ficarem sempre conectados e a ter que tomar decis\u00f5es importantes, mesmo nos momentos que, teoricamente, est\u00e3o de folga.<\/p>\n<p style=\"text-align: justify;\">Os banc\u00e1rios n\u00e3o s\u00e3o contra a tecnologia, mas sim contra o mal-uso que \u00e9 feito dela. O benef\u00edcio n\u00e3o pode ser apenas para o banco, mas tamb\u00e9m para o banc\u00e1rio e para toda a sociedade. Deveria n\u00e3o apenas aumentar a produtividade e, consequentemente o lucro, mas tamb\u00e9m aliviar a carga de trabalho do banc\u00e1rio, com a redu\u00e7\u00e3o da jornada. Mas, como \u00e9 utilizada, faz com que o banc\u00e1rio trabalhe mais, inclusive nas horas que deveria descansar. Sem o descanso, o banco ganha e o trabalhador sofre as consequ\u00eancias com o adoecimento.<\/p>\n<p style=\"text-align: justify;\">O trabalhador, sozinho, n\u00e3o consegue se organizar para realizar suas tarefas apenas durante o expediente e manter seu equil\u00edbrio mental e f\u00edsico. E tamb\u00e9m n\u00e3o sabe o momento que deve parar e procurar por aux\u00edlio de um m\u00e9dico ou psic\u00f3logo. Quando se d\u00e1 conta, a situa\u00e7\u00e3o j\u00e1 evoluiu para um quadro mais agudo e medicamentoso.<\/p>\n<p style=\"text-align: justify;\">As pesquisas mostram que n\u00e3o apenas os trabalhadores que ocupam posi\u00e7\u00f5es hierarquicamente mais baixas s\u00e3o afetados. Os gestores precisam enxergar que eles tamb\u00e9m s\u00e3o afetados por essa busca desenfreada pelas metas, que levam as pessoas a n\u00e3o respeitarem seus limites f\u00edsicos.<\/p>\n<p style=\"text-align: justify;\">Fonte: FEEB-PR\/DIEESE \/ CONTEC<\/p>\n","protected":false},"excerpt":{"rendered":"<p class=\"excerpt\">Medo do desemprego, perda de fun\u00e7\u00e3o e descomissionamento; a realiza\u00e7\u00e3o de servi\u00e7os m\u00faltiplos, no caixa, de venda de produtos e gerenciamento de contas; a implanta\u00e7\u00e3o de novas tecnologias e o receio de n\u00e3o estar preparado para trabalhar com elas; as incertezas com os cen\u00e1rios pol\u00edtico e econ\u00f4mico do pa\u00eds; a constante cobran\u00e7a pelo cumprimento de [&hellip;]<\/p>\n","protected":false},"author":2,"featured_media":10949,"comment_status":"closed","ping_status":"closed","sticky":false,"template":"","format":"standard","meta":{"_et_pb_use_builder":"","_et_pb_old_content":"","_et_gb_content_width":"","footnotes":""},"categories":[155],"tags":[],"class_list":["post-10948","post","type-post","status-publish","format-standard","has-post-thumbnail","hentry","category-noticias-em-destaque"],"_links":{"self":[{"href":"https:\/\/sjcbancarios.com.br\/site\/wp-json\/wp\/v2\/posts\/10948","targetHints":{"allow":["GET"]}}],"collection":[{"href":"https:\/\/sjcbancarios.com.br\/site\/wp-json\/wp\/v2\/posts"}],"about":[{"href":"https:\/\/sjcbancarios.com.br\/site\/wp-json\/wp\/v2\/types\/post"}],"author":[{"embeddable":true,"href":"https:\/\/sjcbancarios.com.br\/site\/wp-json\/wp\/v2\/users\/2"}],"replies":[{"embeddable":true,"href":"https:\/\/sjcbancarios.com.br\/site\/wp-json\/wp\/v2\/comments?post=10948"}],"version-history":[{"count":0,"href":"https:\/\/sjcbancarios.com.br\/site\/wp-json\/wp\/v2\/posts\/10948\/revisions"}],"wp:featuredmedia":[{"embeddable":true,"href":"https:\/\/sjcbancarios.com.br\/site\/wp-json\/wp\/v2\/media\/10949"}],"wp:attachment":[{"href":"https:\/\/sjcbancarios.com.br\/site\/wp-json\/wp\/v2\/media?parent=10948"}],"wp:term":[{"taxonomy":"category","embeddable":true,"href":"https:\/\/sjcbancarios.com.br\/site\/wp-json\/wp\/v2\/categories?post=10948"},{"taxonomy":"post_tag","embeddable":true,"href":"https:\/\/sjcbancarios.com.br\/site\/wp-json\/wp\/v2\/tags?post=10948"}],"curies":[{"name":"wp","href":"https:\/\/api.w.org\/{rel}","templated":true}]}}