{"id":10910,"date":"2019-10-15T15:36:02","date_gmt":"2019-10-15T18:36:02","guid":{"rendered":"http:\/\/sjcbancarios.com.br\/site\/?p=10910"},"modified":"2019-10-15T15:43:29","modified_gmt":"2019-10-15T18:43:29","slug":"calote-de-bancos-socorridos-por-fhc-e-sete-vezes-o-recuperado-pela-lava-jato","status":"publish","type":"post","link":"https:\/\/sjcbancarios.com.br\/site\/noticias\/calote-de-bancos-socorridos-por-fhc-e-sete-vezes-o-recuperado-pela-lava-jato\/","title":{"rendered":"Calote de bancos socorridos por FHC \u00e9 sete vezes o recuperado pela Lava Jato"},"content":{"rendered":"<p style=\"text-align: justify;\">Atendendo a pedido de informa\u00e7\u00f5es do deputado Gustavo Fruet, o Banco Central revelou que d\u00edvidas do Proer ainda somam R$ 28 bilh\u00f5es<\/p>\n<p style=\"text-align: justify;\"><img loading=\"lazy\" decoding=\"async\" class=\"alignnone  wp-image-10914\" src=\"http:\/\/sjcbancarios.com.br\/site\/wp-content\/uploads\/2019\/10\/B-CENTRAL-1.jpg\" alt=\"\" width=\"299\" height=\"180\" srcset=\"https:\/\/sjcbancarios.com.br\/site\/wp-content\/uploads\/2019\/10\/B-CENTRAL-1.jpg 289w, https:\/\/sjcbancarios.com.br\/site\/wp-content\/uploads\/2019\/10\/B-CENTRAL-1-24x14.jpg 24w, https:\/\/sjcbancarios.com.br\/site\/wp-content\/uploads\/2019\/10\/B-CENTRAL-1-36x22.jpg 36w, https:\/\/sjcbancarios.com.br\/site\/wp-content\/uploads\/2019\/10\/B-CENTRAL-1-48x29.jpg 48w\" sizes=\"(max-width: 299px) 100vw, 299px\" \/><\/p>\n<p style=\"text-align: justify;\">Criado no governo Fernando Henrique Cardoso para oferecer aux\u00edlio econ\u00f4mico aos bancos brasileiros que quebraram com o processo de controle inflacion\u00e1rio do in\u00edcio dos anos 1990, o Programa de Est\u00edmulo \u00e0 Reestrutura\u00e7\u00e3o e ao Fortalecimento do Sistema Financeiro Nacional (Proer) ainda custa muito aos cofres da Uni\u00e3o. Em resposta a um pedido de informa\u00e7\u00e3o apresentado pelo deputado Gustavo Fruet (PDT-PR), o Banco do Brasil explica que dois dos bancos privados atendidos pelo Proer ainda n\u00e3o quitaram os d\u00e9bitos com a Uni\u00e3o.<\/p>\n<p style=\"text-align: justify;\">A d\u00edvida se acumula h\u00e1 mais de 20 anos e j\u00e1 chega a R$ 28 bilh\u00f5es \u2013 quase o mesmo valor contingenciado pelo governo federal no in\u00edcio deste ano. E sete vezes os R$ 3,8 bilh\u00f5es que a for\u00e7a-tarefa em Curitiba conseguiu reaver para os cofres p\u00fablicos na Opera\u00e7\u00e3o Lava Jato, conforme dados atualizados pelo Minist\u00e9rio P\u00fablico Federal no \u00faltimo dia 25.<\/p>\n<p style=\"text-align: justify;\">Segundo a resposta enviada pelo Banco Central a Gustavo Fruet, s\u00f3 o extinto Banco Nacional tem um saldo devedor de R$ 20,659 bilh\u00f5es com o Proer. Criado pela fam\u00edlia Magalh\u00e3es Pinto, o banco era um dos maiores do pa\u00eds, mas quebrou no in\u00edcio dos anos 1990 e, por isso, foi liquidado pelo Banco Central durante o Proer. A \u201cparte boa\u201d do banco foi comprada pelo Unibanco, mas o restante continua em liquida\u00e7\u00e3o.<\/p>\n<p style=\"text-align: justify;\">A outra grande parte da d\u00edvida \u00e9 do Banco Econ\u00f4mico, que enfrenta a mesma situa\u00e7\u00e3o do Nacional. Segundo o BC, o Banco Econ\u00f4mico amortizou R$ 12,732 bilh\u00f5es do seu d\u00e9bito em 2013 e parcelou o restante em 180 meses. O saldo devedor, por\u00e9m, ainda \u00e9 de R$ 7,35 bilh\u00f5es. Outros R$ 26 milh\u00f5es s\u00e3o devidos pelo Crefisur. J\u00e1 os bancos Bamerindus, Mercantil, Banorte e Pontual, al\u00e9m da Caixa Econ\u00f4mica Federal, tamb\u00e9m socorridos \u00e0 \u00e9poca, j\u00e1 quitaram as contas com o Proer.<\/p>\n<p style=\"text-align: justify;\">\u201c\u00c9 algo muito expressivo num momento de crise como esse\u201d, comentou o deputado Gustavo Fruet. \u201cO valor \u00e9 mais de tr\u00eas vezes o or\u00e7amento (R$ 9 bilh\u00f5es em 2019) de uma cidade do porte de Curitiba, com quase dois milh\u00f5es de habitantes. E quase o total contingenciado (R$ 31 bilh\u00f5es) pelo governo no Or\u00e7amento da Uni\u00e3o em 2019\u201d, comparou.<\/p>\n<p style=\"text-align: justify;\">Valores desatualizados<\/p>\n<p style=\"text-align: justify;\">Fruet ressalta ainda que, apesar de expressivo, o valor n\u00e3o \u00e9 atualizado pelo Banco Central desde 2012. Na \u00e9poca, o deputado tamb\u00e9m pediu o balan\u00e7o do Proer e recebeu o mesmo saldo devedor de R$ 28 bilh\u00f5es do BC. Por isso, agora Fruet pediu aux\u00edlio da consultoria t\u00e9cnica da C\u00e2mara para saber o que pode ser feito para pressionar as autoridades competentes a fiscalizarem essa d\u00edvida. \u201cEncaminhei um pedido para a consultoria da C\u00e2mara para avaliar quais procedimentos podem ser adotados no Congresso. A inten\u00e7\u00e3o \u00e9 atualizar informa\u00e7\u00f5es e pedir que seja cumprido o papel de fiscalizador do sistema financeiro nacional\u201d, afirmou.<\/p>\n<p style=\"text-align: justify;\">O deputado do PDT, que foi presidente da CPI do Proer em 2002, explica que mais de 80 pessoas j\u00e1 foram denunciadas pelo Proer, mas nenhuma delas foi presa. Tamb\u00e9m j\u00e1 foi acordado que o Banco Central deveria atualizar esse saldo devedor h\u00e1 cada seis meses, o que, segundo ele, n\u00e3o est\u00e1 acontecendo. \u201cTodo aparato jur\u00eddico movimentado teve pouco efeito na recupera\u00e7\u00e3o dos recursos aportados aos bancos atrav\u00e9s do Proer\u201d, justificou Fruet.<\/p>\n<p style=\"text-align: justify;\">\u201cImpressionante a incapacidade brasileira em estabelecer prioridades na administra\u00e7\u00e3o p\u00fablica do pa\u00eds. Pautas, que poderiam inclusive ajudar as recuperar as contas p\u00fablicas, acabam sobrepostas pela din\u00e2mica acelerada do cotidiano e por interesses \u2018maiores&#8217;\u201d.<\/p>\n<p style=\"text-align: justify;\">O Banco Central foi procurado pela reportagem, mas n\u00e3o se manifestou sobre o assunto.<\/p>\n<p>Fonte: TST \/ CONTEC<\/p>\n","protected":false},"excerpt":{"rendered":"<p class=\"excerpt\">Atendendo a pedido de informa\u00e7\u00f5es do deputado Gustavo Fruet, o Banco Central revelou que d\u00edvidas do Proer ainda somam R$ 28 bilh\u00f5es Criado no governo Fernando Henrique Cardoso para oferecer aux\u00edlio econ\u00f4mico aos bancos brasileiros que quebraram com o processo de controle inflacion\u00e1rio do in\u00edcio dos anos 1990, o Programa de Est\u00edmulo \u00e0 Reestrutura\u00e7\u00e3o e [&hellip;]<\/p>\n","protected":false},"author":2,"featured_media":10913,"comment_status":"closed","ping_status":"closed","sticky":false,"template":"","format":"standard","meta":{"_et_pb_use_builder":"","_et_pb_old_content":"","_et_gb_content_width":"","footnotes":""},"categories":[13],"tags":[],"class_list":["post-10910","post","type-post","status-publish","format-standard","has-post-thumbnail","hentry","category-noticias"],"_links":{"self":[{"href":"https:\/\/sjcbancarios.com.br\/site\/wp-json\/wp\/v2\/posts\/10910","targetHints":{"allow":["GET"]}}],"collection":[{"href":"https:\/\/sjcbancarios.com.br\/site\/wp-json\/wp\/v2\/posts"}],"about":[{"href":"https:\/\/sjcbancarios.com.br\/site\/wp-json\/wp\/v2\/types\/post"}],"author":[{"embeddable":true,"href":"https:\/\/sjcbancarios.com.br\/site\/wp-json\/wp\/v2\/users\/2"}],"replies":[{"embeddable":true,"href":"https:\/\/sjcbancarios.com.br\/site\/wp-json\/wp\/v2\/comments?post=10910"}],"version-history":[{"count":0,"href":"https:\/\/sjcbancarios.com.br\/site\/wp-json\/wp\/v2\/posts\/10910\/revisions"}],"wp:featuredmedia":[{"embeddable":true,"href":"https:\/\/sjcbancarios.com.br\/site\/wp-json\/wp\/v2\/media\/10913"}],"wp:attachment":[{"href":"https:\/\/sjcbancarios.com.br\/site\/wp-json\/wp\/v2\/media?parent=10910"}],"wp:term":[{"taxonomy":"category","embeddable":true,"href":"https:\/\/sjcbancarios.com.br\/site\/wp-json\/wp\/v2\/categories?post=10910"},{"taxonomy":"post_tag","embeddable":true,"href":"https:\/\/sjcbancarios.com.br\/site\/wp-json\/wp\/v2\/tags?post=10910"}],"curies":[{"name":"wp","href":"https:\/\/api.w.org\/{rel}","templated":true}]}}