{"id":10874,"date":"2019-10-02T10:49:30","date_gmt":"2019-10-02T13:49:30","guid":{"rendered":"http:\/\/sjcbancarios.com.br\/site\/?p=10874"},"modified":"2019-10-07T10:51:36","modified_gmt":"2019-10-07T13:51:36","slug":"mesmo-constrangido-senado-aprova-a-pec-da-reforma-da-previdencia","status":"publish","type":"post","link":"https:\/\/sjcbancarios.com.br\/site\/noticias-em-destaque\/mesmo-constrangido-senado-aprova-a-pec-da-reforma-da-previdencia\/","title":{"rendered":"Mesmo constrangido, Senado aprova a PEC da reforma da Previd\u00eancia"},"content":{"rendered":"<p style=\"text-align: justify;\"><em>Senadores que votaram a favor da &#8216;reforma&#8217; justificaram que PEC ser\u00e1 um sacrif\u00edcio para o povo brasileiro; oposi\u00e7\u00e3o denuncia que medida prejudica os mais pobres<\/p>\n<p><img loading=\"lazy\" decoding=\"async\" class=\"alignnone wp-image-10875 size-full\" src=\"http:\/\/sjcbancarios.com.br\/site\/wp-content\/uploads\/2019\/10\/tag_nao_previdencia.jpg\" alt=\"\" width=\"755\" height=\"455\" srcset=\"https:\/\/sjcbancarios.com.br\/site\/wp-content\/uploads\/2019\/10\/tag_nao_previdencia.jpg 755w, https:\/\/sjcbancarios.com.br\/site\/wp-content\/uploads\/2019\/10\/tag_nao_previdencia-450x271.jpg 450w, https:\/\/sjcbancarios.com.br\/site\/wp-content\/uploads\/2019\/10\/tag_nao_previdencia-24x14.jpg 24w, https:\/\/sjcbancarios.com.br\/site\/wp-content\/uploads\/2019\/10\/tag_nao_previdencia-36x22.jpg 36w, https:\/\/sjcbancarios.com.br\/site\/wp-content\/uploads\/2019\/10\/tag_nao_previdencia-48x29.jpg 48w\" sizes=\"(max-width: 755px) 100vw, 755px\" \/><br \/>\n<\/em><\/p>\n<p style=\"text-align: justify;\">O Senado concluiu nesta quarta-feira (2) a vota\u00e7\u00e3o em primeiro turno da Proposta de Emenda \u00e0 Constitui\u00e7\u00e3o (PEC) 6\/2019, da reforma da Previd\u00eancia. Os seis destaques que restavam ser votados foram rejeitados ou retirados.<\/p>\n<p style=\"text-align: justify;\">A \u00fanica mudan\u00e7a significativa em rela\u00e7\u00e3o ao texto relatado pelo senador Tasso Jereissati (PSDB-CE) ocorreu na noite de ter\u00e7a-feira (1\u00ba). Foi aprovado o destaque que mant\u00e9m as regras atuais para o pagamento de abono salarial a quem ganha at\u00e9 dois sal\u00e1rios m\u00ednimos. Antes de ser votada em segundo turno, a PEC ainda passar\u00e1 por tr\u00eas sess\u00f5es de discuss\u00f5es.<\/p>\n<p style=\"text-align: justify;\">O texto-principal da reforma foi aprovado na noite de ter\u00e7a-feira (1\u00ba), com 56 votos a favor e 19 contra. Senadores que votaram pela aprova\u00e7\u00e3o da PEC n\u00e3o esconderam o constrangimento.<\/p>\n<p style=\"text-align: justify;\">Os senadores chegaram a avaliar a retomada da vota\u00e7\u00e3o das emendas a serem analisadas \u00e0 parte, j\u00e1 que paira sobre o Senado um clima de insatisfa\u00e7\u00e3o pela forma como a C\u00e2mara tem tratado medidas do pacto federativo e tamb\u00e9m sobre a libera\u00e7\u00e3o de recursos de emendas parlamentares pelo governo do presidente Jair Bolsonaro.<\/p>\n<p style=\"text-align: justify;\">Em sua fala, o senador \u00c1lvaro Dias (Pode-PR) admitiu n\u00e3o que havia outra alternativa, segundo ele: \u201cEssa \u00e9 uma reforma de sacrif\u00edcio\u201d. Em seguida, Veneziano Vital do R\u00eago (PSB-PB) criticou a campanha \u201cdesonesta\u201d do governo pela reforma, com apoio de meios de comunica\u00e7\u00e3o. \u201c\u00c9 n\u00edtido o constrangimento de todos (os favor\u00e1veis \u00e0 PEC)\u201d, acrescentou.<\/p>\n<p style=\"text-align: justify;\">Outros senadores afirmaram que o Congresso est\u00e1 votando em cima de um texto mal redigido na C\u00e2mara dos Deputados. Renan Calheiros (MDB-AL) confirmou sua posi\u00e7\u00e3o contr\u00e1ria ao projeto. \u201c\u00c9 um texto contra os direitos daqueles que menos t\u00eam\u201d, disse.<\/p>\n<p><strong>Reforma amplia desigualdade e pobreza<\/strong><br \/>\nPara a oposi\u00e7\u00e3o, a PEC prejudica os mais pobres, em um pa\u00eds que j\u00e1 \u00e9 um dos mais desiguais do mundo. \u201cTemos que deixar claro que o trabalhador de baixa renda est\u00e1 sendo, sim, atingido\u201d, afirmou o senador Weverton (PDT-MA).<br \/>\nVota\u00e7\u00e3o dos destaques<\/p>\n<p style=\"text-align: justify;\">Para concluir a vota\u00e7\u00e3o, os senadores analisam, nesta quarta (2), os destaques que podem alterar o texto-base. Quando todos os destaques forem analisados, termina a vota\u00e7\u00e3o em 1\u00ba turno. A vota\u00e7\u00e3o definitiva, em 2\u00ba turno, est\u00e1 prevista para a semana que vem.<\/p>\n<p style=\"text-align: justify;\">Fonte: Contraf<\/p>\n","protected":false},"excerpt":{"rendered":"<p class=\"excerpt\">Senadores que votaram a favor da &#8216;reforma&#8217; justificaram que PEC ser\u00e1 um sacrif\u00edcio para o povo brasileiro; oposi\u00e7\u00e3o denuncia que medida prejudica os mais pobres O Senado concluiu nesta quarta-feira (2) a vota\u00e7\u00e3o em primeiro turno da Proposta de Emenda \u00e0 Constitui\u00e7\u00e3o (PEC) 6\/2019, da reforma da Previd\u00eancia. Os seis destaques que restavam ser votados [&hellip;]<\/p>\n","protected":false},"author":2,"featured_media":10875,"comment_status":"closed","ping_status":"closed","sticky":false,"template":"","format":"standard","meta":{"_et_pb_use_builder":"","_et_pb_old_content":"","_et_gb_content_width":"","footnotes":""},"categories":[155],"tags":[],"class_list":["post-10874","post","type-post","status-publish","format-standard","has-post-thumbnail","hentry","category-noticias-em-destaque"],"_links":{"self":[{"href":"https:\/\/sjcbancarios.com.br\/site\/wp-json\/wp\/v2\/posts\/10874","targetHints":{"allow":["GET"]}}],"collection":[{"href":"https:\/\/sjcbancarios.com.br\/site\/wp-json\/wp\/v2\/posts"}],"about":[{"href":"https:\/\/sjcbancarios.com.br\/site\/wp-json\/wp\/v2\/types\/post"}],"author":[{"embeddable":true,"href":"https:\/\/sjcbancarios.com.br\/site\/wp-json\/wp\/v2\/users\/2"}],"replies":[{"embeddable":true,"href":"https:\/\/sjcbancarios.com.br\/site\/wp-json\/wp\/v2\/comments?post=10874"}],"version-history":[{"count":0,"href":"https:\/\/sjcbancarios.com.br\/site\/wp-json\/wp\/v2\/posts\/10874\/revisions"}],"wp:featuredmedia":[{"embeddable":true,"href":"https:\/\/sjcbancarios.com.br\/site\/wp-json\/wp\/v2\/media\/10875"}],"wp:attachment":[{"href":"https:\/\/sjcbancarios.com.br\/site\/wp-json\/wp\/v2\/media?parent=10874"}],"wp:term":[{"taxonomy":"category","embeddable":true,"href":"https:\/\/sjcbancarios.com.br\/site\/wp-json\/wp\/v2\/categories?post=10874"},{"taxonomy":"post_tag","embeddable":true,"href":"https:\/\/sjcbancarios.com.br\/site\/wp-json\/wp\/v2\/tags?post=10874"}],"curies":[{"name":"wp","href":"https:\/\/api.w.org\/{rel}","templated":true}]}}