{"id":10845,"date":"2019-10-01T10:34:36","date_gmt":"2019-10-01T13:34:36","guid":{"rendered":"http:\/\/sjcbancarios.com.br\/site\/?p=10845"},"modified":"2019-10-02T10:58:30","modified_gmt":"2019-10-02T13:58:30","slug":"outubro-rosa-2","status":"publish","type":"post","link":"https:\/\/sjcbancarios.com.br\/site\/noticias-em-destaque\/outubro-rosa-2\/","title":{"rendered":"Outubro Rosa: Alerta para o c\u00e2ncer de mama e colo do \u00fatero!"},"content":{"rendered":"<p><img loading=\"lazy\" decoding=\"async\" class=\"wp-image-10856 aligncenter\" src=\"http:\/\/sjcbancarios.com.br\/site\/wp-content\/uploads\/2019\/10\/WhatsApp-Image-2019-09-30-at-20.51.21.jpeg\" alt=\"\" width=\"700\" height=\"585\" srcset=\"https:\/\/sjcbancarios.com.br\/site\/wp-content\/uploads\/2019\/10\/WhatsApp-Image-2019-09-30-at-20.51.21.jpeg 1000w, https:\/\/sjcbancarios.com.br\/site\/wp-content\/uploads\/2019\/10\/WhatsApp-Image-2019-09-30-at-20.51.21-359x300.jpeg 359w, https:\/\/sjcbancarios.com.br\/site\/wp-content\/uploads\/2019\/10\/WhatsApp-Image-2019-09-30-at-20.51.21-768x641.jpeg 768w, https:\/\/sjcbancarios.com.br\/site\/wp-content\/uploads\/2019\/10\/WhatsApp-Image-2019-09-30-at-20.51.21-24x20.jpeg 24w, https:\/\/sjcbancarios.com.br\/site\/wp-content\/uploads\/2019\/10\/WhatsApp-Image-2019-09-30-at-20.51.21-36x30.jpeg 36w, https:\/\/sjcbancarios.com.br\/site\/wp-content\/uploads\/2019\/10\/WhatsApp-Image-2019-09-30-at-20.51.21-48x40.jpeg 48w\" sizes=\"(max-width: 700px) 100vw, 700px\" \/><\/p>\n<p style=\"text-align: justify;\">O d\u00e9cimo m\u00eas do ano chegou e junto com a campanha de conscientiza\u00e7\u00e3o contra o c\u00e2ncer de mama e colo do \u00fatero: o Outubro Rosa. Trata-se de um movimento mundial como objetivo principal alertar as mulheres e a sociedade sobre a import\u00e2ncia da preven\u00e7\u00e3o e do diagn\u00f3stico precoce do c\u00e2ncer de mama mais recentemente sobre o c\u00e2ncer de colo do \u00fatero.<\/p>\n<p style=\"text-align: justify;\">No Brasil, o Outubro Rosa acontece desde 2002 com a ado\u00e7\u00e3o da cor rosa como motivadora de campanhas publicit\u00e1rias. Edif\u00edcios s\u00e3o iluminados, mulheres usam la\u00e7os como s\u00edmbolo da necessidade de que outras mulheres busquem com regularidade a realiza\u00e7\u00e3o de exames preventivos.<\/p>\n<p style=\"text-align: justify;\">No entanto, especialistas da \u00e1rea m\u00e9dica ressaltam a necessidade de cuidado com as mensagens divulgadas neste per\u00edodo.<\/p>\n<p style=\"text-align: justify;\">Uma an\u00e1lise das postagens realizadas em redes como Facebooke Twitterem l\u00edngua portuguesa mostrou que existe bastante desinforma\u00e7\u00e3o nas campanhas de conscientiza\u00e7\u00e3o, especialmente acerca do autoexame, que n\u00e3o \u00e9 considerado suficiente para a detec\u00e7\u00e3o precoce da doen\u00e7a.<\/p>\n<p style=\"text-align: justify;\">Tocar o pr\u00f3prio corpo e reconhecer sinais de poss\u00edveis mudan\u00e7as \u00e9 uma importante ferramenta de empoderamento da mulher frente \u00e0 pr\u00f3pria sa\u00fade, mas n\u00e3o substitui a mamografia, por exemplo.<\/p>\n<p style=\"text-align: justify;\">Dados do Instituto Nacional do C\u00e2ncer Jos\u00e9 Alencar Gomes da Silva (INCA) apontam que apenas 2,5 milh\u00f5es de mamografias foram realizadas em 2014, equivalente a uma taxa de 24,8%, bem menos do que os 70% recomendados pela Organiza\u00e7\u00e3o Mundial da Sa\u00fade (OMS).<\/p>\n<p style=\"text-align: justify;\">A mamografia\u00e9 um exame de rastreio por imagem, que tem como finalidade estudar o tecido mam\u00e1rio. Esse tipo de exame pode detectar um n\u00f3dulo, mesmo que este ainda n\u00e3o seja palp\u00e1vel.<\/p>\n<p style=\"text-align: justify;\">O exame papanicolau \u2013 realizado como preventivo de doen\u00e7as nas consultas regulares ao ginecologista \u2013 tamb\u00e9m \u00e9 um importante instrumento para detec\u00e7\u00e3o do c\u00e2ncer do colo do \u00fatero.<\/p>\n<p style=\"text-align: justify;\">Esses dois importantes exames devem ser feitos com regularidade ap\u00f3s visita ao ginecologista. Lembre-se que o mais importante na vida \u00e9 cuidar da sa\u00fade. Portanto, previna-se! Procure um m\u00e9dico e fa\u00e7a seus check-ups!<\/p>\n<p style=\"text-align: justify;\">Sindicato na luta contra o c\u00e2ncer de mama!<\/p>\n<p style=\"text-align: justify;\">Fonte: CONTEC<\/p>\n","protected":false},"excerpt":{"rendered":"<p class=\"excerpt\">O d\u00e9cimo m\u00eas do ano chegou e junto com a campanha de conscientiza\u00e7\u00e3o contra o c\u00e2ncer de mama e colo do \u00fatero: o Outubro Rosa. Trata-se de um movimento mundial como objetivo principal alertar as mulheres e a sociedade sobre a import\u00e2ncia da preven\u00e7\u00e3o e do diagn\u00f3stico precoce do c\u00e2ncer de mama mais recentemente sobre [&hellip;]<\/p>\n","protected":false},"author":2,"featured_media":10856,"comment_status":"closed","ping_status":"closed","sticky":false,"template":"","format":"standard","meta":{"_et_pb_use_builder":"","_et_pb_old_content":"","_et_gb_content_width":"","footnotes":""},"categories":[155],"tags":[],"class_list":["post-10845","post","type-post","status-publish","format-standard","has-post-thumbnail","hentry","category-noticias-em-destaque"],"_links":{"self":[{"href":"https:\/\/sjcbancarios.com.br\/site\/wp-json\/wp\/v2\/posts\/10845","targetHints":{"allow":["GET"]}}],"collection":[{"href":"https:\/\/sjcbancarios.com.br\/site\/wp-json\/wp\/v2\/posts"}],"about":[{"href":"https:\/\/sjcbancarios.com.br\/site\/wp-json\/wp\/v2\/types\/post"}],"author":[{"embeddable":true,"href":"https:\/\/sjcbancarios.com.br\/site\/wp-json\/wp\/v2\/users\/2"}],"replies":[{"embeddable":true,"href":"https:\/\/sjcbancarios.com.br\/site\/wp-json\/wp\/v2\/comments?post=10845"}],"version-history":[{"count":0,"href":"https:\/\/sjcbancarios.com.br\/site\/wp-json\/wp\/v2\/posts\/10845\/revisions"}],"wp:featuredmedia":[{"embeddable":true,"href":"https:\/\/sjcbancarios.com.br\/site\/wp-json\/wp\/v2\/media\/10856"}],"wp:attachment":[{"href":"https:\/\/sjcbancarios.com.br\/site\/wp-json\/wp\/v2\/media?parent=10845"}],"wp:term":[{"taxonomy":"category","embeddable":true,"href":"https:\/\/sjcbancarios.com.br\/site\/wp-json\/wp\/v2\/categories?post=10845"},{"taxonomy":"post_tag","embeddable":true,"href":"https:\/\/sjcbancarios.com.br\/site\/wp-json\/wp\/v2\/tags?post=10845"}],"curies":[{"name":"wp","href":"https:\/\/api.w.org\/{rel}","templated":true}]}}