{"id":10836,"date":"2019-10-01T09:45:17","date_gmt":"2019-10-01T12:45:17","guid":{"rendered":"http:\/\/sjcbancarios.com.br\/site\/?p=10836"},"modified":"2019-10-01T09:45:17","modified_gmt":"2019-10-01T12:45:17","slug":"desemprego-so-retorna-a-nivel-pre-crise-em-2024-afirmam-economistas","status":"publish","type":"post","link":"https:\/\/sjcbancarios.com.br\/site\/noticias\/desemprego-so-retorna-a-nivel-pre-crise-em-2024-afirmam-economistas\/","title":{"rendered":"Desemprego s\u00f3 retorna a n\u00edvel pr\u00e9-crise em 2024, afirmam economistas"},"content":{"rendered":"<p style=\"text-align: justify;\">Na percep\u00e7\u00e3o deles, o aumento cont\u00ednuo da informalidade em velocidade muito superior \u00e0 cria\u00e7\u00e3o de vagas formais indica que ainda h\u00e1 desconfian\u00e7a dos empres\u00e1rios sobre a retomada econ\u00f4mica<\/p>\n<p style=\"text-align: justify;\">O trabalho informal cresce de maneira persistente, quebrando recorde atr\u00e1s de recorde. Se por um lado isso indica que h\u00e1 um respiro para quem precisa ganhar a vida, por outro, a lenta retomada do emprego formal, com carteira assinada, sinaliza que uma recupera\u00e7\u00e3o robusta no mercado de trabalho tende a demorar.<\/p>\n<p style=\"text-align: justify;\">Mantido o ritmo atual de cria\u00e7\u00e3o de vagas, a taxa de desemprego deve cair aos n\u00edveis pr\u00e9-crise em 2024, segundo especialistas ouvidos pela reportagem.<\/p>\n<p style=\"text-align: justify;\">Na percep\u00e7\u00e3o deles, o aumento cont\u00ednuo da informalidade em velocidade muito superior \u00e0 cria\u00e7\u00e3o de vagas formais indica que ainda h\u00e1 desconfian\u00e7a dos empres\u00e1rios sobre a retomada econ\u00f4mica, o que trava investimentos e a consequente gera\u00e7\u00e3o de empregos.<\/p>\n<p style=\"text-align: justify;\">\u201cInvestidores e empresas ainda n\u00e3o est\u00e3o confiantes em rela\u00e7\u00e3o \u00e0 retomada. Ent\u00e3o, ningu\u00e9m quer dar um passo forte e contratar de maneira formal\u201d, diz Juliana Inhasz, economista do Insper.<\/p>\n<p style=\"text-align: justify;\">\u201cSe n\u00e3o h\u00e1 perspectiva de crescimento duradouro, j\u00e1 que as reformas demoram para sair e os sinais est\u00e3o trocados da economia, o mercado acaba apostando em uma contrata\u00e7\u00e3o \u2018com menos compromisso\u2019\u201d, afirma.<\/p>\n<p style=\"text-align: justify;\">Conforme os dados do IBGE (Instituto Brasileiro de Geografia e Estat\u00edstica), divulgados na sexta-feira (27), a informalidade bateu recorde no trimestre encerrado em agosto, com 38,8 milh\u00f5es de brasileiros nessa condi\u00e7\u00e3o.<\/p>\n<p style=\"text-align: justify;\">O n\u00famero considera empregados do setor privado e trabalhadores dom\u00e9sticos sem carteira assinada, trabalhadores por conta pr\u00f3pria e empregadores sem CNPJ e trabalhadores familiares auxiliares.<\/p>\n<p style=\"text-align: justify;\">Esse contingente representa 41,4% da popula\u00e7\u00e3o que est\u00e1 trabalhando, a maior taxa desde que o IBGE passou a calcular esse indicador, em 2016.<br \/>\nJ\u00e1 a taxa de desemprego segue em queda, mas em ritmo t\u00edmido. No trimestre fechado em agosto, o percentual foi de 11,8%, contra 12,3% nos tr\u00eas meses at\u00e9 maio.<\/p>\n<p style=\"text-align: justify;\">H\u00e1 um ano era de 12,1%, e em agosto de 2017, de 12,6%.<\/p>\n<p style=\"text-align: justify;\">\u201cTivemos um recuo de um ponto percentual do desemprego nos \u00faltimos dois anos. Isso \u00e9 muito pouco. \u00c9 bom ver a queda, claro, mas estamos longe de alcan\u00e7ar os patamares pr\u00e9-crise\u201d, afirma La\u00edsa Rachter do Ibre\/FGV (Instituto Brasileiro de Economia da Funda\u00e7\u00e3o Getulio Vargas).<\/p>\n<p style=\"text-align: justify;\">Para Cosmo Donato, economista da LCA Consultores, a conjuntura do pa\u00eds tem for\u00e7ado pessoas que n\u00e3o trabalhavam (seja porque estudavam, tinha alguma renda guardada ou por n\u00e3o precisar) a procurar emprego, engrossando o total de desocupados no pa\u00eds.<\/p>\n<p style=\"text-align: justify;\">Na sua avalia\u00e7\u00e3o, esse cen\u00e1rio deve persistir ainda por muito tempo e isso vai fazer com que a queda do desemprego ocorra de forma lenta e gradual. \u201cProjetamos que essa taxa s\u00f3 vai cair na m\u00e9dia anual abaixo de 10% em 2024\u201d, diz.<\/p>\n<p style=\"text-align: justify;\">O desemprego no Brasil era de 6,7% no trimestre terminado em fevereiro de 2014. Tr\u00eas anos depois, em 2017, ela chegou a 13,2%, segundo dados do IBGE.<\/p>\n<p style=\"text-align: justify;\">Donato diz, por\u00e9m, que s\u00f3 observar recortes de ocupados e desocupados n\u00e3o basta para entender o cen\u00e1rio do mercado de trabalho. Ele afirma que o tempo de procura tamb\u00e9m \u00e9 relevante.<\/p>\n<p style=\"text-align: justify;\">Nessa linha, a \u00faltima Carta de Conjuntura do Ipea (Instituto de Pesquisa Econ\u00f4mica Aplicada), publicada h\u00e1 duas semanas, mostra que a persist\u00eancia da crise e a lenta retomada alimentaram o desemprego de longo prazo no pa\u00eds.<\/p>\n<p style=\"text-align: justify;\">Por meio de dados da Pnad (Pesquisa Nacional por Amostra de Domic\u00edlios) Cont\u00ednua do IBGE, os pesquisadores do Ipea mostram que, no segundo trimestre deste ano, 26,2% dos trabalhadores desempregados estavam nessa condi\u00e7\u00e3o h\u00e1 pelo menos dois anos.<\/p>\n<p style=\"text-align: justify;\">No mesmo per\u00edodo de 2018, esse n\u00famero era de 24,4%.<\/p>\n<p style=\"text-align: justify;\">Mas n\u00e3o \u00e9 apenas a falta de emprego que indica que o mercado est\u00e1 demorando para reagir. Tanto os trabalhos formais quanto os informais emitem sinais sobre a dificuldade de retomada.<\/p>\n<p style=\"text-align: justify;\">Adriana Beringuy, analista da coordena\u00e7\u00e3o de trabalho e rendimento do IBGE, diz que isso \u00e9 n\u00edtido na m\u00e9dia dos sal\u00e1rios. \u201cMesmo com mais pessoas trabalhando, esse crescimento n\u00e3o foi suficiente para aumentar a massa de rendimentos da economia, porque as pessoas est\u00e3o se inserindo com sal\u00e1rios mais baixos\u201d.<\/p>\n<p style=\"text-align: justify;\">No caso das vagas celetistas, os empregos que abrem s\u00e3o justamente aqueles que pagam de um a dois sal\u00e1rios m\u00ednimos e exigem menos qualifica\u00e7\u00e3o.<\/p>\n<p style=\"text-align: justify;\">De acordo com dados do Caged (Cadastro Geral de Empregados e Desempregados), em agosto foram abertas 42,4 mil postos formais com sal\u00e1rios de at\u00e9 um sal\u00e1rio m\u00ednimo. Outras 99,8 mil vagas aberta naquele m\u00eas ofereceram sal\u00e1rio de at\u00e9 dois sal\u00e1rios m\u00ednimos. Ao mesmo tempo, o saldo de vagas com rendimentos superiores ficaram negativos.<\/p>\n<p style=\"text-align: justify;\">A faixa et\u00e1ria que mais vem sendo contemplada com postos formais \u00e9 aquela que engloba jovens que acabam de entrar no mercado e tem entre 17 e 25 anos.<\/p>\n<p style=\"text-align: justify;\">Juliana Inhasz, do Insper, lembra que o grande n\u00famero de pessoas em busca de uma vaga tamb\u00e9m pressiona os sal\u00e1rios para baixo.<\/p>\n<p style=\"text-align: justify;\">O rendimento m\u00e9dio n\u00e3o tem tido grandes altera\u00e7\u00f5es. Saiu de R$ 2.297 no trimestre at\u00e9 maio e foi para R$ 2.298 nos tr\u00eas meses at\u00e9 agosto, segundo dados do IBGE. Em agosto de 2018, era de R$ 2.302.<\/p>\n<p style=\"text-align: justify;\">Donato, da LCA, recomenda cautela com a ideia de que a informalidade \u00e9 um fen\u00f4meno do mundo moderno que ganha espa\u00e7o no Brasil. Em parte, diz ele, \u00e9 verdade que h\u00e1 novas modalidades de atua\u00e7\u00e3o profissional, mas o fen\u00f4meno ocorre de maneira for\u00e7ada e ainda pouco estruturado no pa\u00eds.<\/p>\n<p style=\"text-align: justify;\">\u201cA crise l\u00e1 atr\u00e1s pode at\u00e9 ter antecipado um movimento estrutural de mudan\u00e7as no mercado de trabalho, mas por ser seguida de uma retomada lenta est\u00e1 gerando uma debilidade na oferta de emprego de mais qualidade.\u201d<\/p>\n<p style=\"text-align: justify;\">Vagas informais tamb\u00e9m costumam oferecer ganhos menores e sua expans\u00e3o contribui para reduzir o valor dos ganhos dos trabalhadores. \u201cAs pessoas querem voltar para o mercado de trabalho e deixam de exigir uma remunera\u00e7\u00e3o maior do que poderiam\u201d, afirma Inhasz.<\/p>\n<p style=\"text-align: justify;\">Fonte: Por Folhapress \/ CONTEC<\/p>\n","protected":false},"excerpt":{"rendered":"<p class=\"excerpt\">Na percep\u00e7\u00e3o deles, o aumento cont\u00ednuo da informalidade em velocidade muito superior \u00e0 cria\u00e7\u00e3o de vagas formais indica que ainda h\u00e1 desconfian\u00e7a dos empres\u00e1rios sobre a retomada econ\u00f4mica O trabalho informal cresce de maneira persistente, quebrando recorde atr\u00e1s de recorde. Se por um lado isso indica que h\u00e1 um respiro para quem precisa ganhar a [&hellip;]<\/p>\n","protected":false},"author":2,"featured_media":10837,"comment_status":"closed","ping_status":"closed","sticky":false,"template":"","format":"standard","meta":{"_et_pb_use_builder":"","_et_pb_old_content":"","_et_gb_content_width":"","footnotes":""},"categories":[13],"tags":[],"class_list":["post-10836","post","type-post","status-publish","format-standard","has-post-thumbnail","hentry","category-noticias"],"_links":{"self":[{"href":"https:\/\/sjcbancarios.com.br\/site\/wp-json\/wp\/v2\/posts\/10836","targetHints":{"allow":["GET"]}}],"collection":[{"href":"https:\/\/sjcbancarios.com.br\/site\/wp-json\/wp\/v2\/posts"}],"about":[{"href":"https:\/\/sjcbancarios.com.br\/site\/wp-json\/wp\/v2\/types\/post"}],"author":[{"embeddable":true,"href":"https:\/\/sjcbancarios.com.br\/site\/wp-json\/wp\/v2\/users\/2"}],"replies":[{"embeddable":true,"href":"https:\/\/sjcbancarios.com.br\/site\/wp-json\/wp\/v2\/comments?post=10836"}],"version-history":[{"count":0,"href":"https:\/\/sjcbancarios.com.br\/site\/wp-json\/wp\/v2\/posts\/10836\/revisions"}],"wp:featuredmedia":[{"embeddable":true,"href":"https:\/\/sjcbancarios.com.br\/site\/wp-json\/wp\/v2\/media\/10837"}],"wp:attachment":[{"href":"https:\/\/sjcbancarios.com.br\/site\/wp-json\/wp\/v2\/media?parent=10836"}],"wp:term":[{"taxonomy":"category","embeddable":true,"href":"https:\/\/sjcbancarios.com.br\/site\/wp-json\/wp\/v2\/categories?post=10836"},{"taxonomy":"post_tag","embeddable":true,"href":"https:\/\/sjcbancarios.com.br\/site\/wp-json\/wp\/v2\/tags?post=10836"}],"curies":[{"name":"wp","href":"https:\/\/api.w.org\/{rel}","templated":true}]}}