{"id":10829,"date":"2019-09-27T11:49:59","date_gmt":"2019-09-27T14:49:59","guid":{"rendered":"http:\/\/sjcbancarios.com.br\/site\/?p=10829"},"modified":"2019-09-27T11:49:59","modified_gmt":"2019-09-27T14:49:59","slug":"bc-projeta-crescimento-da-economia-em-09-este-ano-e-18-em-2020","status":"publish","type":"post","link":"https:\/\/sjcbancarios.com.br\/site\/noticias\/bc-projeta-crescimento-da-economia-em-09-este-ano-e-18-em-2020\/","title":{"rendered":"BC projeta crescimento da economia em 0,9% este ano e 1,8% em 2020"},"content":{"rendered":"<p style=\"text-align: justify;\">O Banco Central (BC) aumentou ligeiramente a previs\u00e3o de crescimento da economia para este ano e prev\u00ea, ainda com \u201celevado grau de incerteza\u201d, melhora no ritmo de expans\u00e3o em 2020.<\/p>\n<p style=\"text-align: justify;\">A proje\u00e7\u00e3o para a expans\u00e3o do Produto Interno Bruto (PIB), a soma de todos os bens e servi\u00e7os produzidos no pa\u00eds, passou de 0,8% para 0,9% em 2019, de acordo com o Relat\u00f3rio de Infla\u00e7\u00e3o, divulgado hoje (26), em Bras\u00edlia.<\/p>\n<p style=\"text-align: justify;\">\u201cPara o PIB de 2020, ainda com elevado grau de incerteza, projeta-se crescimento de 1,8%. Ressalte-se que essa perspectiva est\u00e1 condicionada ao cen\u00e1rio de continuidade das reformas e ajustes necess\u00e1rios na economia brasileira e pressup\u00f5e que o ritmo de crescimento subjacente da economia, que exclui os efeitos de est\u00edmulos tempor\u00e1rios, ser\u00e1 gradual\u201d, disse o relat\u00f3rio, divulgado trimestralmente.<\/p>\n<p style=\"text-align: justify;\">De acordo com o documento, o resultado melhor que o esperado para o PIB do segundo trimestre de deste ano favoreceu o ajuste na estimativa para 2019.<\/p>\n<p style=\"text-align: justify;\">\u201cA proje\u00e7\u00e3o ora apresentada considera ritmo de crescimento ainda lento no terceiro trimestre, em linha com indicadores coincidentes divulgados at\u00e9 o momento, e acelera\u00e7\u00e3o no quarto trimestre, para a qual deve contribuir o impulso das libera\u00e7\u00f5es extraordin\u00e1rias de recursos do Fundo de Garantia do Tempo de Servi\u00e7o (FGTS) e do Programa de Integra\u00e7\u00e3o Social (PIS)\/Programa de Forma\u00e7\u00e3o de Patrim\u00f4nio do Servidor P\u00fablico (Pasep)\u201d, afirma o Relat\u00f3rio de Infla\u00e7\u00e3o.<\/p>\n<p style=\"text-align: justify;\"><strong>Setores<br \/>\n<\/strong>A previs\u00e3o para o crescimento da agropecu\u00e1ria passou de 1,1% para 1,8%. Segundo o BC, essa revis\u00e3o \u00e9 compat\u00edvel com o resultado mais recente do Levantamento Sistem\u00e1tico da Produ\u00e7\u00e3o Agr\u00edcola do Instituto Brasileiro de Geografia e Estat\u00edstica (IBGE), que aumentou a estimativa de safra para alguns produtos com elevada participa\u00e7\u00e3o no setor da agricultura, como soja e milho.<\/p>\n<p style=\"text-align: justify;\">A proje\u00e7\u00e3o para o desempenho da ind\u00fastria apresentou ligeira redu\u00e7\u00e3o de 0,2% para 0,1%, com recuo na estimativa para a ind\u00fastria extrativa e eleva\u00e7\u00e3o ou estabilidade nos demais setores.<\/p>\n<p style=\"text-align: justify;\">\u201cA redu\u00e7\u00e3o na proje\u00e7\u00e3o para a ind\u00fastria extrativa, de 1,5% para -1,6%, reflete diminui\u00e7\u00e3o no progn\u00f3stico da Petrobras para produ\u00e7\u00e3o de petr\u00f3leo em 2019 e a expectativa de que a recupera\u00e7\u00e3o da produ\u00e7\u00e3o de min\u00e9rio de ferro, ap\u00f3s o rompimento da barragem de minera\u00e7\u00e3o em Brumadinho, ocorra de forma mais gradual\u201d, afirma o documento.<\/p>\n<p style=\"text-align: justify;\">Em sentido oposto, acrescenta, ap\u00f3s o resultado do segundo trimestre, as estimativas para a ind\u00fastria de transforma\u00e7\u00e3o e para a constru\u00e7\u00e3o civil foram revisadas de -0,3% para -0,2% e de -1,0% para 0,1%, respectivamente.<\/p>\n<p style=\"text-align: justify;\">A previs\u00e3o de crescimento para produ\u00e7\u00e3o e distribui\u00e7\u00e3o de eletricidade, g\u00e1s e \u00e1gua foi mantida em 2,8%.<\/p>\n<p style=\"text-align: justify;\">A estimativa de crescimento para o setor de servi\u00e7os em 2019 foi mantida em 1%. \u201cH\u00e1, contudo, mudan\u00e7a relevante na composi\u00e7\u00e3o, com aumentos nas estimativas para com\u00e9rcio (reflexo da ligeira melhora na previs\u00e3o para a ind\u00fastria de transforma\u00e7\u00e3o e dos efeitos das libera\u00e7\u00f5es extraordin\u00e1rias de recursos), servi\u00e7os de informa\u00e7\u00e3o, atividades imobili\u00e1rias e aluguel e outros servi\u00e7os; compensados por redu\u00e7\u00f5es nas estimativas para os setores de transporte, armazenagem e correio, intermedia\u00e7\u00e3o financeira e servi\u00e7os relacionados e administra\u00e7\u00e3o, sa\u00fade e educa\u00e7\u00e3o p\u00fablicas\u201d, explica o relat\u00f3rio.<\/p>\n<p style=\"text-align: justify;\"><strong>Consumo e investimentos<br \/>\n<\/strong>J\u00e1 a previs\u00e3o para o crescimento do consumo das fam\u00edlias foi revista de 1,4% para 1,6%, incorporando impacto da libera\u00e7\u00e3o extraordin\u00e1ria de recursos do FGTS e do PIS\/Pasep.<\/p>\n<p style=\"text-align: justify;\">A proje\u00e7\u00e3o para o crescimento da Forma\u00e7\u00e3o Bruta de Capital Fixo (FBCF) \u2013 investimentos \u2013 recuou de 2,9% para 2,6%. A estimativa para o consumo do governo passou de crescimento de 0,3% para queda 0,3%, repercutindo o resultado do segundo trimestre.<\/p>\n<p style=\"text-align: justify;\"><strong>Com\u00e9rcio Exterior<br \/>\n<\/strong>A estimativa de exporta\u00e7\u00f5es de bens e servi\u00e7os passou de crescimento de 1,5%, no relat\u00f3rio divulgado em junho, para queda de 0,5% e para as importa\u00e7\u00f5es, de expans\u00e3o de 3,8% para 1,9%. \u201cO recuo na proje\u00e7\u00e3o para as exporta\u00e7\u00f5es reflete redu\u00e7\u00e3o no progn\u00f3stico para as vendas externas de petr\u00f3leo e o aprofundamento da crise na Argentina, importante destino para bens industrializados.\u201d<\/p>\n<p style=\"text-align: justify;\">A diminui\u00e7\u00e3o na estimativa para as importa\u00e7\u00f5es decorre do resultado abaixo do esperado no segundo trimestre. Nesse cen\u00e1rio, diz o relat\u00f3rio, as contribui\u00e7\u00f5es da demanda interna e do setor externo para a evolu\u00e7\u00e3o do PIB em 2019 s\u00e3o estimadas em 1,2 ponto percentual e queda de 0,3 ponto percentual, respectivamente.<\/p>\n<p style=\"text-align: justify;\"><strong>Estimativas para 2020<br \/>\n<\/strong>A previs\u00e3o para 2020 \u00e9 que as atividades da agropecu\u00e1ria, da ind\u00fastria e de servi\u00e7os avancem 2,6%, 2,2% e 1,4%, respectivamente. O Banco Central destacou a expectativa de aumento da produ\u00e7\u00e3o de petr\u00f3leo e de continuidade da recupera\u00e7\u00e3o da produ\u00e7\u00e3o de min\u00e9rio de ferro.<\/p>\n<p style=\"text-align: justify;\">As taxas de crescimento esperadas para o consumo das fam\u00edlias e para a Forma\u00e7\u00e3o Bruta de Capital Fixo s\u00e3o de 2,2% e de 2,9%, respectivamente. \u201cEm cen\u00e1rio de restri\u00e7\u00e3o fiscal, o consumo do governo deve registrar expans\u00e3o modesta, de 0,5%\u201d, acentua o estudo.<\/p>\n<p style=\"text-align: justify;\">Exporta\u00e7\u00f5es e importa\u00e7\u00f5es de bens e servi\u00e7os devem crescer 1,7% e 1,6%. O BC s\u00f3 espera por contribui\u00e7\u00e3o da demanda interna para o crescimento do PIB, estimada em 1,8 ponto percentual.<\/p>\n<p style=\"text-align: justify;\">Fonte: Ag\u00eancia Brasil \/ CONTEC<\/p>\n","protected":false},"excerpt":{"rendered":"<p class=\"excerpt\">O Banco Central (BC) aumentou ligeiramente a previs\u00e3o de crescimento da economia para este ano e prev\u00ea, ainda com \u201celevado grau de incerteza\u201d, melhora no ritmo de expans\u00e3o em 2020. A proje\u00e7\u00e3o para a expans\u00e3o do Produto Interno Bruto (PIB), a soma de todos os bens e servi\u00e7os produzidos no pa\u00eds, passou de 0,8% para [&hellip;]<\/p>\n","protected":false},"author":2,"featured_media":10830,"comment_status":"closed","ping_status":"closed","sticky":false,"template":"","format":"standard","meta":{"_et_pb_use_builder":"","_et_pb_old_content":"","_et_gb_content_width":"","footnotes":""},"categories":[13],"tags":[],"class_list":["post-10829","post","type-post","status-publish","format-standard","has-post-thumbnail","hentry","category-noticias"],"_links":{"self":[{"href":"https:\/\/sjcbancarios.com.br\/site\/wp-json\/wp\/v2\/posts\/10829","targetHints":{"allow":["GET"]}}],"collection":[{"href":"https:\/\/sjcbancarios.com.br\/site\/wp-json\/wp\/v2\/posts"}],"about":[{"href":"https:\/\/sjcbancarios.com.br\/site\/wp-json\/wp\/v2\/types\/post"}],"author":[{"embeddable":true,"href":"https:\/\/sjcbancarios.com.br\/site\/wp-json\/wp\/v2\/users\/2"}],"replies":[{"embeddable":true,"href":"https:\/\/sjcbancarios.com.br\/site\/wp-json\/wp\/v2\/comments?post=10829"}],"version-history":[{"count":0,"href":"https:\/\/sjcbancarios.com.br\/site\/wp-json\/wp\/v2\/posts\/10829\/revisions"}],"wp:featuredmedia":[{"embeddable":true,"href":"https:\/\/sjcbancarios.com.br\/site\/wp-json\/wp\/v2\/media\/10830"}],"wp:attachment":[{"href":"https:\/\/sjcbancarios.com.br\/site\/wp-json\/wp\/v2\/media?parent=10829"}],"wp:term":[{"taxonomy":"category","embeddable":true,"href":"https:\/\/sjcbancarios.com.br\/site\/wp-json\/wp\/v2\/categories?post=10829"},{"taxonomy":"post_tag","embeddable":true,"href":"https:\/\/sjcbancarios.com.br\/site\/wp-json\/wp\/v2\/tags?post=10829"}],"curies":[{"name":"wp","href":"https:\/\/api.w.org\/{rel}","templated":true}]}}