{"id":10798,"date":"2019-09-20T11:48:54","date_gmt":"2019-09-20T14:48:54","guid":{"rendered":"http:\/\/sjcbancarios.com.br\/site\/?p=10798"},"modified":"2019-09-20T11:48:54","modified_gmt":"2019-09-20T14:48:54","slug":"mercado-so-gera-emprego-que-paga-ate-dois-salarios-minimos-segundo-ipea","status":"publish","type":"post","link":"https:\/\/sjcbancarios.com.br\/site\/noticias\/mercado-so-gera-emprego-que-paga-ate-dois-salarios-minimos-segundo-ipea\/","title":{"rendered":"Mercado s\u00f3 gera emprego que paga at\u00e9 dois sal\u00e1rios m\u00ednimos, segundo Ipea"},"content":{"rendered":"<p style=\"text-align: justify;\">Quase a totalidade das novas vagas formalizadas geradas no pa\u00eds em 2019 possui uma remunera\u00e7\u00e3o m\u00e1xima de at\u00e9 dois sal\u00e1rios m\u00ednimos, segundo dados divulgados pelo Ipea nesta quinta-feira, 18.<\/p>\n<p style=\"text-align: justify;\">O levantamento ainda mostra que apenas nas duas primeiras faixas salariais (de at\u00e9 um e de at\u00e9 dois sal\u00e1rios) o n\u00famero de contrata\u00e7\u00f5es supera o de demiss\u00f5es no primeiro semestre do ano. Para os demais n\u00edveis salariais, mais altos, a dispensa de trabalhadores \u00e9 maior que o total de admiss\u00f5es.<\/p>\n<p style=\"text-align: justify;\">No acumulado em doze meses, at\u00e9 julho deste ano, a economia brasileira havia criado 521,5 mil novos empregos formais. Embora exista uma leve recupera\u00e7\u00e3o dos sal\u00e1rios m\u00e9dios de contrata\u00e7\u00e3o, historicamente, eles se mant\u00eam abaixo dos sal\u00e1rios de quem tem sido demitido. As informa\u00e7\u00f5es s\u00e3o do jornal O Globo.\u201d<\/p>\n<p>Fonte: Gazeta do Povo \/ CONTEC<\/p>\n","protected":false},"excerpt":{"rendered":"<p class=\"excerpt\">Quase a totalidade das novas vagas formalizadas geradas no pa\u00eds em 2019 possui uma remunera\u00e7\u00e3o m\u00e1xima de at\u00e9 dois sal\u00e1rios m\u00ednimos, segundo dados divulgados pelo Ipea nesta quinta-feira, 18. O levantamento ainda mostra que apenas nas duas primeiras faixas salariais (de at\u00e9 um e de at\u00e9 dois sal\u00e1rios) o n\u00famero de contrata\u00e7\u00f5es supera o de [&hellip;]<\/p>\n","protected":false},"author":2,"featured_media":10799,"comment_status":"closed","ping_status":"closed","sticky":false,"template":"","format":"standard","meta":{"_et_pb_use_builder":"","_et_pb_old_content":"","_et_gb_content_width":"","footnotes":""},"categories":[13],"tags":[],"class_list":["post-10798","post","type-post","status-publish","format-standard","has-post-thumbnail","hentry","category-noticias"],"_links":{"self":[{"href":"https:\/\/sjcbancarios.com.br\/site\/wp-json\/wp\/v2\/posts\/10798","targetHints":{"allow":["GET"]}}],"collection":[{"href":"https:\/\/sjcbancarios.com.br\/site\/wp-json\/wp\/v2\/posts"}],"about":[{"href":"https:\/\/sjcbancarios.com.br\/site\/wp-json\/wp\/v2\/types\/post"}],"author":[{"embeddable":true,"href":"https:\/\/sjcbancarios.com.br\/site\/wp-json\/wp\/v2\/users\/2"}],"replies":[{"embeddable":true,"href":"https:\/\/sjcbancarios.com.br\/site\/wp-json\/wp\/v2\/comments?post=10798"}],"version-history":[{"count":0,"href":"https:\/\/sjcbancarios.com.br\/site\/wp-json\/wp\/v2\/posts\/10798\/revisions"}],"wp:featuredmedia":[{"embeddable":true,"href":"https:\/\/sjcbancarios.com.br\/site\/wp-json\/wp\/v2\/media\/10799"}],"wp:attachment":[{"href":"https:\/\/sjcbancarios.com.br\/site\/wp-json\/wp\/v2\/media?parent=10798"}],"wp:term":[{"taxonomy":"category","embeddable":true,"href":"https:\/\/sjcbancarios.com.br\/site\/wp-json\/wp\/v2\/categories?post=10798"},{"taxonomy":"post_tag","embeddable":true,"href":"https:\/\/sjcbancarios.com.br\/site\/wp-json\/wp\/v2\/tags?post=10798"}],"curies":[{"name":"wp","href":"https:\/\/api.w.org\/{rel}","templated":true}]}}