{"id":10792,"date":"2019-09-20T11:27:24","date_gmt":"2019-09-20T14:27:24","guid":{"rendered":"http:\/\/sjcbancarios.com.br\/site\/?p=10792"},"modified":"2019-09-20T11:27:24","modified_gmt":"2019-09-20T14:27:24","slug":"setembro-amarelo-nao-se-sinta-sozinho-procure-ajuda-ligue-188","status":"publish","type":"post","link":"https:\/\/sjcbancarios.com.br\/site\/noticias-em-destaque\/setembro-amarelo-nao-se-sinta-sozinho-procure-ajuda-ligue-188\/","title":{"rendered":"Setembro Amarelo: N\u00e3o se sinta sozinho, procure ajuda! Ligue 188"},"content":{"rendered":"<p style=\"text-align: justify;\">A CONTEC aderiu ao movimento Setembro Amarelo, campanha de conscientiza\u00e7\u00e3o sobre a preven\u00e7\u00e3o do suic\u00eddio. Neste m\u00eas uma s\u00e9rie de a\u00e7\u00f5es s\u00e3o organizadas para promover a sa\u00fade mental e dar destaque ao trabalho dos Centros de Valoriza\u00e7\u00e3o da Vida (CVV).<\/p>\n<p style=\"text-align: justify;\">O m\u00eas foi escolhido em raz\u00e3o do Dia Mundial da Preven\u00e7\u00e3o do Suic\u00eddio, celebrado todo ano em 10 de setembro. A data \u00e9 organizada pela Associa\u00e7\u00e3o Internacional para a Preven\u00e7\u00e3o do Suic\u00eddio e tem a Organiza\u00e7\u00e3o Mundial da Sa\u00fade (OMS). O objetivo do dia \u00e9 conscientizar as pessoas ao redor do mundo, que o suic\u00eddio pode ser evitado.<\/p>\n<p style=\"text-align: justify;\">Em a\u00e7\u00e3o desde 2015, o Setembro Amarelo foi criado pelo Centro de Valoriza\u00e7\u00e3o da Vida (CVV), Conselho Federal de Medicina (CFM) e Associa\u00e7\u00e3o Brasileira de Psiquiatria (ABP). Durante o m\u00eas, monumentos em diferentes cidades tamb\u00e9m adotam a cor amarela em suas fachadas para dar visibilidade \u00e0 causa. A cor amarela, segundo o site do CVV, representa a vida, a luz e o sol, simbolismo que reflete a proposta da campanha de preservar a vida.<\/p>\n<p style=\"text-align: justify;\">Segundo a OMS, mais de 90% dos casos de suic\u00eddio est\u00e3o associados a dist\u00farbios mentais e, portanto, podem ser evitados se as causas forem tratadas corretamente. No Brasil, 32 brasileiros tiram a pr\u00f3pria vida por dia, o equivalente a uma pessoa a cada 45 minutos.<\/p>\n<p style=\"text-align: justify;\">Fonte: Estad\u00e3o e CVV \/ CONTEC<\/p>\n","protected":false},"excerpt":{"rendered":"<p class=\"excerpt\">A CONTEC aderiu ao movimento Setembro Amarelo, campanha de conscientiza\u00e7\u00e3o sobre a preven\u00e7\u00e3o do suic\u00eddio. Neste m\u00eas uma s\u00e9rie de a\u00e7\u00f5es s\u00e3o organizadas para promover a sa\u00fade mental e dar destaque ao trabalho dos Centros de Valoriza\u00e7\u00e3o da Vida (CVV). O m\u00eas foi escolhido em raz\u00e3o do Dia Mundial da Preven\u00e7\u00e3o do Suic\u00eddio, celebrado todo [&hellip;]<\/p>\n","protected":false},"author":2,"featured_media":10793,"comment_status":"closed","ping_status":"closed","sticky":false,"template":"","format":"standard","meta":{"_et_pb_use_builder":"","_et_pb_old_content":"","_et_gb_content_width":"","footnotes":""},"categories":[155],"tags":[],"class_list":["post-10792","post","type-post","status-publish","format-standard","has-post-thumbnail","hentry","category-noticias-em-destaque"],"_links":{"self":[{"href":"https:\/\/sjcbancarios.com.br\/site\/wp-json\/wp\/v2\/posts\/10792","targetHints":{"allow":["GET"]}}],"collection":[{"href":"https:\/\/sjcbancarios.com.br\/site\/wp-json\/wp\/v2\/posts"}],"about":[{"href":"https:\/\/sjcbancarios.com.br\/site\/wp-json\/wp\/v2\/types\/post"}],"author":[{"embeddable":true,"href":"https:\/\/sjcbancarios.com.br\/site\/wp-json\/wp\/v2\/users\/2"}],"replies":[{"embeddable":true,"href":"https:\/\/sjcbancarios.com.br\/site\/wp-json\/wp\/v2\/comments?post=10792"}],"version-history":[{"count":0,"href":"https:\/\/sjcbancarios.com.br\/site\/wp-json\/wp\/v2\/posts\/10792\/revisions"}],"wp:featuredmedia":[{"embeddable":true,"href":"https:\/\/sjcbancarios.com.br\/site\/wp-json\/wp\/v2\/media\/10793"}],"wp:attachment":[{"href":"https:\/\/sjcbancarios.com.br\/site\/wp-json\/wp\/v2\/media?parent=10792"}],"wp:term":[{"taxonomy":"category","embeddable":true,"href":"https:\/\/sjcbancarios.com.br\/site\/wp-json\/wp\/v2\/categories?post=10792"},{"taxonomy":"post_tag","embeddable":true,"href":"https:\/\/sjcbancarios.com.br\/site\/wp-json\/wp\/v2\/tags?post=10792"}],"curies":[{"name":"wp","href":"https:\/\/api.w.org\/{rel}","templated":true}]}}