{"id":10787,"date":"2019-09-19T11:07:16","date_gmt":"2019-09-19T14:07:16","guid":{"rendered":"http:\/\/sjcbancarios.com.br\/site\/?p=10787"},"modified":"2019-09-19T11:07:16","modified_gmt":"2019-09-19T14:07:16","slug":"com-crise-familias-pobres-ou-sem-renda-do-trabalho-ja-sao-mais-da-metade-dos-lares-do-pais","status":"publish","type":"post","link":"https:\/\/sjcbancarios.com.br\/site\/noticias\/com-crise-familias-pobres-ou-sem-renda-do-trabalho-ja-sao-mais-da-metade-dos-lares-do-pais\/","title":{"rendered":"Com crise, fam\u00edlias pobres ou sem renda do trabalho j\u00e1 s\u00e3o mais da metade dos lares do Pa\u00eds"},"content":{"rendered":"<p style=\"text-align: justify;\">Desemprego no Pa\u00eds recuou, mas taxa ainda \u00e9 de 11,8%<\/p>\n<p style=\"text-align: justify;\">Levantamento do Ipea mostra que 52% dos lares t\u00eam esse perfil; \u00edndice que mede a desigualdade de renda no Pa\u00eds piorou desde 2016 (Daniela Amorim)<\/p>\n<p style=\"text-align: justify;\">Durante os anos de recess\u00e3o econ\u00f4mica e de crise no emprego, aumentou a propor\u00e7\u00e3o de lares brasileiros sem qualquer renda proveniente do trabalho, segundo levantamento do Instituto de Pesquisa Econ\u00f4mica Aplicada (Ipea). As fam\u00edlias mais pobres ou simplesmente sem renda de trabalho representam mais da metade (52%) dos lares brasileiros.<\/p>\n<p style=\"text-align: justify;\">\u201cIsso \u00e9 fruto do desemprego. A crise foi muito forte, essas pessoas foram as primeiras a perder o emprego, mas tamb\u00e9m as que t\u00eam mais dificuldades de conseguir uma recoloca\u00e7\u00e3o no mercado de trabalho. Esses trabalhadores s\u00e3o os que t\u00eam menor grau de instru\u00e7\u00e3o. Mesmo durante a crise, a ocupa\u00e7\u00e3o n\u00e3o caiu entre os trabalhadores mais qualificados. Esse trabalhador n\u00e3o necessariamente est\u00e1 atuando na \u00e1rea de forma\u00e7\u00e3o, mas ele n\u00e3o est\u00e1 desempregado\u201d, justificou Maria Andreia Lameiras, t\u00e9cnica da Diretoria de Estudos e Pol\u00edticas Macroecon\u00f4micas do Ipea.<\/p>\n<p style=\"text-align: justify;\">No segundo trimestre de 2019, 22,4% dos domic\u00edlios do Pa\u00eds n\u00e3o possu\u00edam renda do trabalho. No segundo trimestre de 2014, quando come\u00e7ou a crise econ\u00f4mica, essa fatia era de 19,0%.<\/p>\n<p style=\"text-align: justify;\">\u201cIsso tem muita rela\u00e7\u00e3o com aquele desemprego de longo prazo, pessoas h\u00e1 mais de dois anos procurando emprego, mais pobres, com menos escolaridade. Mesmo que o mercado tenha come\u00e7ado a gerar vagas, esse trabalhador continua nessa estat\u00edstica da pobreza, nesses domic\u00edlios sem renda\u201d, lamentou Lameiras.<\/p>\n<p style=\"text-align: justify;\">J\u00e1 as fam\u00edlias de renda muito baixa, que recebiam menos de R$ 1.638,70 mensais, representavam 29,6% de todos os domic\u00edlios brasileiros no segundo trimestre deste ano.<\/p>\n<p style=\"text-align: justify;\">O Ipea aponta uma eleva\u00e7\u00e3o acentuada do \u00edndice de Gini \u2013 medida de desigualdade de renda numa escala de 0 a 1; quanto mais perto de 1 maior \u00e9 a desigualdade \u2013 desde 2016, com destaque para a desigualdade da renda do trabalho por domic\u00edlio.<\/p>\n<p style=\"text-align: justify;\">O \u00edndice de Gini da renda domiciliar do trabalho subiu de cerca de 0,514 no primeiro trimestre de 2014 para 0,532 no segundo trimestre de 2019. O aumento deve-se \u00e0 retomada da amplia\u00e7\u00e3o da desigualdade entre os extremos da renda.<\/p>\n<p style=\"text-align: justify;\">No primeiro trimestre de 2019, a renda domiciliar do trabalho das fam\u00edlias mais ricas era 30,1 vezes maior que a renda recebida pela faixa de brasileiros com renda muito baixa. No segundo trimestre, essa diferen\u00e7a aumentou para 30,5 vezes, praticamente alcan\u00e7ando o pico da s\u00e9rie hist\u00f3rica (30,6) atingido no terceiro trimestre de 2018.<\/p>\n<p style=\"text-align: justify;\">\u201cQuando a gente olha o sal\u00e1rio nominal (sem descontar o efeito da infla\u00e7\u00e3o), ele cresce numa propor\u00e7\u00e3o menor entre os mais pobres do que entre os mais ricos. Fora isso ainda tem a infla\u00e7\u00e3o, que tem sido mais forte para as fam\u00edlias mais pobres dos que para as de renda mais alta, com peso muito grande dos aumentos na energia el\u00e9trica, no \u00f4nibus urbano e no aluguel\u201d, explicou Lameiras.<\/p>\n<p style=\"text-align: justify;\">O levantamento do Ipea tem como base os microdados da Pesquisa Nacional por Amostra de Domic\u00edlios Cont\u00ednua (Pnad Cont\u00ednua, apurada pelo Instituto Brasileiro de Geografia e Estat\u00edstica (IBGE) e do Cadastro Geral de Empregados e Desempregados (Caged).<\/p>\n<p style=\"text-align: justify;\">Os autores do estudo lembram que as vagas formais que t\u00eam sido geradas no Pa\u00eds possuem remunera\u00e7\u00e3o m\u00e1xima de at\u00e9 dois sal\u00e1rios m\u00ednimos. Apenas as duas primeiras faixas salariais \u2013 os empregos com remunera\u00e7\u00e3o de at\u00e9 um sal\u00e1rio m\u00ednimo e de um a dois sal\u00e1rios m\u00ednimos \u2013 v\u00eam mantendo saldos positivos desde 2017.<\/p>\n<p style=\"text-align: justify;\">\u201cPara os demais n\u00edveis salariais, a dispensa de trabalhadores \u00e9 maior que o total de admiss\u00f5es. Adicionalmente, nota-se que os efeitos da crise econ\u00f4mica sobre o mercado de trabalho, sobretudo em 2015 e 2016, geraram n\u00e3o apenas uma expressiva dispensa de trabalhadores como tamb\u00e9m uma queda dos sal\u00e1rios de contrata\u00e7\u00e3o, dado que a \u00fanica faixa de emprego com saldo positivo no per\u00edodo era a que remunerava at\u00e9 1,0 SM (sal\u00e1rio m\u00ednimo). A partir de 2017, o pa\u00eds voltou a gerar vagas com sal\u00e1rios entre 1,01 e 2,0 SMs, no entanto em propor\u00e7\u00f5es mais modestas\u201d, notaram os autores do estudo do Ipea.<\/p>\n<p style=\"text-align: justify;\">Fonte: Estad\u00e3o \/ CONTEC<br \/>\nFoto: Tiago Queiroz\/Estad\u00e3o<\/p>\n","protected":false},"excerpt":{"rendered":"<p class=\"excerpt\">Desemprego no Pa\u00eds recuou, mas taxa ainda \u00e9 de 11,8% Levantamento do Ipea mostra que 52% dos lares t\u00eam esse perfil; \u00edndice que mede a desigualdade de renda no Pa\u00eds piorou desde 2016 (Daniela Amorim) Durante os anos de recess\u00e3o econ\u00f4mica e de crise no emprego, aumentou a propor\u00e7\u00e3o de lares brasileiros sem qualquer renda [&hellip;]<\/p>\n","protected":false},"author":2,"featured_media":10788,"comment_status":"closed","ping_status":"closed","sticky":false,"template":"","format":"standard","meta":{"_et_pb_use_builder":"","_et_pb_old_content":"","_et_gb_content_width":"","footnotes":""},"categories":[13],"tags":[],"class_list":["post-10787","post","type-post","status-publish","format-standard","has-post-thumbnail","hentry","category-noticias"],"_links":{"self":[{"href":"https:\/\/sjcbancarios.com.br\/site\/wp-json\/wp\/v2\/posts\/10787","targetHints":{"allow":["GET"]}}],"collection":[{"href":"https:\/\/sjcbancarios.com.br\/site\/wp-json\/wp\/v2\/posts"}],"about":[{"href":"https:\/\/sjcbancarios.com.br\/site\/wp-json\/wp\/v2\/types\/post"}],"author":[{"embeddable":true,"href":"https:\/\/sjcbancarios.com.br\/site\/wp-json\/wp\/v2\/users\/2"}],"replies":[{"embeddable":true,"href":"https:\/\/sjcbancarios.com.br\/site\/wp-json\/wp\/v2\/comments?post=10787"}],"version-history":[{"count":0,"href":"https:\/\/sjcbancarios.com.br\/site\/wp-json\/wp\/v2\/posts\/10787\/revisions"}],"wp:featuredmedia":[{"embeddable":true,"href":"https:\/\/sjcbancarios.com.br\/site\/wp-json\/wp\/v2\/media\/10788"}],"wp:attachment":[{"href":"https:\/\/sjcbancarios.com.br\/site\/wp-json\/wp\/v2\/media?parent=10787"}],"wp:term":[{"taxonomy":"category","embeddable":true,"href":"https:\/\/sjcbancarios.com.br\/site\/wp-json\/wp\/v2\/categories?post=10787"},{"taxonomy":"post_tag","embeddable":true,"href":"https:\/\/sjcbancarios.com.br\/site\/wp-json\/wp\/v2\/tags?post=10787"}],"curies":[{"name":"wp","href":"https:\/\/api.w.org\/{rel}","templated":true}]}}