{"id":10762,"date":"2019-09-17T12:02:27","date_gmt":"2019-09-17T15:02:27","guid":{"rendered":"http:\/\/sjcbancarios.com.br\/site\/?p=10762"},"modified":"2019-09-17T12:02:27","modified_gmt":"2019-09-17T15:02:27","slug":"comissao-paritaria-bipartite-fenaban-debatem-prevencao-a-depressao","status":"publish","type":"post","link":"https:\/\/sjcbancarios.com.br\/site\/noticias-em-destaque\/comissao-paritaria-bipartite-fenaban-debatem-prevencao-a-depressao\/","title":{"rendered":"Comiss\u00e3o Parit\u00e1ria Bipartite\/Fenaban debatem preven\u00e7\u00e3o \u00e0 depress\u00e3o"},"content":{"rendered":"<p style=\"text-align: justify;\">A Comiss\u00e3o Parit\u00e1ria Bipartite de Saude do Trabalhador Contec\/Fenaban esteve reunida na quinta-feira (12\/09), em S\u00e3o Paulo, para debater uma das doen\u00e7as que mais t\u00eam acometido os trabalhadores do mundo: a depress\u00e3o.<\/p>\n<p style=\"text-align: justify;\">Os representantes da CONTEC destacaram que a Organiza\u00e7\u00e3o Mundial de Sa\u00fade (OMS), j\u00e1 alertou que a depress\u00e3o est\u00e1 avan\u00e7ando pelo mundo e em 2020, estima-se que ser\u00e1 o principal motivo de afastamento dos trabalhadores de seus postos.<\/p>\n<p style=\"text-align: justify;\">Segundo dados da OMS, o transtorno comum j\u00e1 atingiu mais de 300 milh\u00f5es de pessoas. A condi\u00e7\u00e3o \u00e9 diferente das flutua\u00e7\u00f5es usuais de humor e das respostas emocionais de curta dura\u00e7\u00e3o aos desafios da vida cotidiana.<\/p>\n<p style=\"text-align: justify;\">Os representantes dos trabalhadores e das Institui\u00e7\u00f5es banc\u00e1rias debateram a\u00e7\u00f5es preventivas entre os banc\u00e1rios e tamb\u00e9m a necessidade de ser falar mais em suic\u00eddio.<\/p>\n<p style=\"text-align: justify;\">Tamb\u00e9m foi colocado que os casos depressivos de longa dura\u00e7\u00e3o e com intensidade moderada ou grave, podem se tornar uma cr\u00edtica condi\u00e7\u00e3o de sa\u00fade.<\/p>\n<p style=\"text-align: justify;\">Outro dado em destaque \u00e9 o agravamento da depress\u00e3o com possibilidade de suic\u00eddio. Cerca de 800 mil pessoas morrem por suic\u00eddio a cada ano \u2013 sendo essa a segunda principal causa de morte entre pessoas com idade entre 15 e 29 anos.<\/p>\n<p>Fonte: Contec<\/p>\n","protected":false},"excerpt":{"rendered":"<p class=\"excerpt\">A Comiss\u00e3o Parit\u00e1ria Bipartite de Saude do Trabalhador Contec\/Fenaban esteve reunida na quinta-feira (12\/09), em S\u00e3o Paulo, para debater uma das doen\u00e7as que mais t\u00eam acometido os trabalhadores do mundo: a depress\u00e3o. Os representantes da CONTEC destacaram que a Organiza\u00e7\u00e3o Mundial de Sa\u00fade (OMS), j\u00e1 alertou que a depress\u00e3o est\u00e1 avan\u00e7ando pelo mundo e em [&hellip;]<\/p>\n","protected":false},"author":2,"featured_media":10763,"comment_status":"closed","ping_status":"closed","sticky":false,"template":"","format":"standard","meta":{"_et_pb_use_builder":"","_et_pb_old_content":"","_et_gb_content_width":"","footnotes":""},"categories":[155],"tags":[],"class_list":["post-10762","post","type-post","status-publish","format-standard","has-post-thumbnail","hentry","category-noticias-em-destaque"],"_links":{"self":[{"href":"https:\/\/sjcbancarios.com.br\/site\/wp-json\/wp\/v2\/posts\/10762","targetHints":{"allow":["GET"]}}],"collection":[{"href":"https:\/\/sjcbancarios.com.br\/site\/wp-json\/wp\/v2\/posts"}],"about":[{"href":"https:\/\/sjcbancarios.com.br\/site\/wp-json\/wp\/v2\/types\/post"}],"author":[{"embeddable":true,"href":"https:\/\/sjcbancarios.com.br\/site\/wp-json\/wp\/v2\/users\/2"}],"replies":[{"embeddable":true,"href":"https:\/\/sjcbancarios.com.br\/site\/wp-json\/wp\/v2\/comments?post=10762"}],"version-history":[{"count":0,"href":"https:\/\/sjcbancarios.com.br\/site\/wp-json\/wp\/v2\/posts\/10762\/revisions"}],"wp:featuredmedia":[{"embeddable":true,"href":"https:\/\/sjcbancarios.com.br\/site\/wp-json\/wp\/v2\/media\/10763"}],"wp:attachment":[{"href":"https:\/\/sjcbancarios.com.br\/site\/wp-json\/wp\/v2\/media?parent=10762"}],"wp:term":[{"taxonomy":"category","embeddable":true,"href":"https:\/\/sjcbancarios.com.br\/site\/wp-json\/wp\/v2\/categories?post=10762"},{"taxonomy":"post_tag","embeddable":true,"href":"https:\/\/sjcbancarios.com.br\/site\/wp-json\/wp\/v2\/tags?post=10762"}],"curies":[{"name":"wp","href":"https:\/\/api.w.org\/{rel}","templated":true}]}}