{"id":10759,"date":"2019-09-17T11:41:25","date_gmt":"2019-09-17T14:41:25","guid":{"rendered":"http:\/\/sjcbancarios.com.br\/site\/?p=10759"},"modified":"2019-09-17T11:41:25","modified_gmt":"2019-09-17T14:41:25","slug":"participe-do-3o-censo-da-diversidade-fenaban","status":"publish","type":"post","link":"https:\/\/sjcbancarios.com.br\/site\/noticias-em-destaque\/participe-do-3o-censo-da-diversidade-fenaban\/","title":{"rendered":"Participe do 3\u00ba Censo da Diversidade Fenaban"},"content":{"rendered":"<header class=\"bdaia-post-header\">\n<div class=\"bdaia-post-title\">\u00a0<\/div>\n<\/header>\n<div class=\"bdaia-post-content\">\n<div class=\"pf-content\">\n<p style=\"text-align: justify;\">J\u00e1 est\u00e1 dispon\u00edvel a todos os banc\u00e1rios e banc\u00e1rias do Brasil o <a href=\"https:\/\/diversidade.febraban.org.br\/\" target=\"_blank\" rel=\"noopener noreferrer\">3\u00ba Censo da Diversidade<\/a>, no site da Federa\u00e7\u00e3o Nacional dos Bancos (Fenaban).<\/p>\n<p style=\"text-align: justify;\">\u00c9 importante a participa\u00e7\u00e3o de todos os trabalhadores (as) j\u00e1 que a pesquisa\u00a0vai tra\u00e7ar um perfil da categoria banc\u00e1ria por g\u00eanero, ra\u00e7a, orienta\u00e7\u00e3o sexual e PCDs (pessoas com defici\u00eancia).<\/p>\n<p style=\"text-align: justify;\">Todos os dados coletados servir\u00e3o para que o movimento sindical em parceria com os patr\u00f5es possam propor pol\u00edticas de promo\u00e7\u00e3o da igualdade de oportunidades no setor banc\u00e1rio.<\/p>\n<p style=\"text-align: justify;\">Participe!<\/p>\n<p>Assista ao filme abaixo:<\/p>\n<div class=\"fluid-width-video-wrapper\"><iframe id=\"fitvid661097\" src=\"https:\/\/www.youtube.com\/embed\/96Zkr-ji5U8?feature=oembed&amp;wmode=transparent\" frameborder=\"0\" allowfullscreen=\"allowfullscreen\" data-mce-fragment=\"1\"><\/iframe><\/div>\n<p>Fonte: Contec<\/p>\n<\/div>\n<\/div>\n","protected":false},"excerpt":{"rendered":"<p class=\"excerpt\">\u00a0 J\u00e1 est\u00e1 dispon\u00edvel a todos os banc\u00e1rios e banc\u00e1rias do Brasil o 3\u00ba Censo da Diversidade, no site da Federa\u00e7\u00e3o Nacional dos Bancos (Fenaban). \u00c9 importante a participa\u00e7\u00e3o de todos os trabalhadores (as) j\u00e1 que a pesquisa\u00a0vai tra\u00e7ar um perfil da categoria banc\u00e1ria por g\u00eanero, ra\u00e7a, orienta\u00e7\u00e3o sexual e PCDs (pessoas com defici\u00eancia). Todos [&hellip;]<\/p>\n","protected":false},"author":2,"featured_media":10760,"comment_status":"closed","ping_status":"closed","sticky":false,"template":"","format":"standard","meta":{"_et_pb_use_builder":"","_et_pb_old_content":"","_et_gb_content_width":"","footnotes":""},"categories":[155],"tags":[],"class_list":["post-10759","post","type-post","status-publish","format-standard","has-post-thumbnail","hentry","category-noticias-em-destaque"],"_links":{"self":[{"href":"https:\/\/sjcbancarios.com.br\/site\/wp-json\/wp\/v2\/posts\/10759","targetHints":{"allow":["GET"]}}],"collection":[{"href":"https:\/\/sjcbancarios.com.br\/site\/wp-json\/wp\/v2\/posts"}],"about":[{"href":"https:\/\/sjcbancarios.com.br\/site\/wp-json\/wp\/v2\/types\/post"}],"author":[{"embeddable":true,"href":"https:\/\/sjcbancarios.com.br\/site\/wp-json\/wp\/v2\/users\/2"}],"replies":[{"embeddable":true,"href":"https:\/\/sjcbancarios.com.br\/site\/wp-json\/wp\/v2\/comments?post=10759"}],"version-history":[{"count":0,"href":"https:\/\/sjcbancarios.com.br\/site\/wp-json\/wp\/v2\/posts\/10759\/revisions"}],"wp:featuredmedia":[{"embeddable":true,"href":"https:\/\/sjcbancarios.com.br\/site\/wp-json\/wp\/v2\/media\/10760"}],"wp:attachment":[{"href":"https:\/\/sjcbancarios.com.br\/site\/wp-json\/wp\/v2\/media?parent=10759"}],"wp:term":[{"taxonomy":"category","embeddable":true,"href":"https:\/\/sjcbancarios.com.br\/site\/wp-json\/wp\/v2\/categories?post=10759"},{"taxonomy":"post_tag","embeddable":true,"href":"https:\/\/sjcbancarios.com.br\/site\/wp-json\/wp\/v2\/tags?post=10759"}],"curies":[{"name":"wp","href":"https:\/\/api.w.org\/{rel}","templated":true}]}}