{"id":10633,"date":"2019-09-10T10:15:09","date_gmt":"2019-09-10T13:15:09","guid":{"rendered":"http:\/\/sjcbancarios.com.br\/site\/?p=10633"},"modified":"2019-09-10T10:17:22","modified_gmt":"2019-09-10T13:17:22","slug":"santander-e-condenado-a-pagar-r-274-mi-por-assedio-moral-aos-funcionarios","status":"publish","type":"post","link":"https:\/\/sjcbancarios.com.br\/site\/noticias-em-destaque\/santander-e-condenado-a-pagar-r-274-mi-por-assedio-moral-aos-funcionarios\/","title":{"rendered":"Santander \u00e9 condenado a pagar R$ 274 mi por ass\u00e9dio moral aos funcion\u00e1rios"},"content":{"rendered":"<p style=\"text-align: justify;\">Banco figura entre as sete que mais adoecem mentalmente os funcion\u00e1rios no pa\u00eds (Por Alessandra Azevedo)<\/p>\n<p style=\"text-align: justify;\">A Justi\u00e7a do Trabalho condenou o Santander por assediar moralmente os funcion\u00e1rios, ao submet\u00ea-los a metas abusivas de produ\u00e7\u00e3o e cobran\u00e7as excessivas. O resultado \u00e9 um alto \u00edndice de adoecimento mental ocupacional entre os empregados do banco, que figura entre as sete empresas que mais adoecem os funcion\u00e1rios no Brasil.<\/p>\n<p style=\"text-align: justify;\">O Santander foi condenado a pagar R$ 274 milh\u00f5es de indeniza\u00e7\u00e3o por dano moral coletivo. Al\u00e9m disso, a senten\u00e7a proferida pelo juiz Gustavo Carvalho Chehab, da 3\u00aa Vara do Trabalho de Bras\u00edlia, pro\u00edbe o banco de submeter trabalhadores a metas abusivas e exige que a defini\u00e7\u00e3o das metas seja feita por negocia\u00e7\u00e3o coletiva entre a empresa e a entidade representativa da categoria (sindicato).<\/p>\n<p style=\"text-align: justify;\">A decis\u00e3o atende, em parte, pedidos feitos pelo Minist\u00e9rio P\u00fablico do Trabalho no Distrito Federal, representado pelo procurador Paulo Neto, que processou o Santander ap\u00f3s constatar o alto \u00edndice de estresse a que os banc\u00e1rios eram submetidos.<\/p>\n<p style=\"text-align: justify;\">Neto considera a conduta do banco \u201cabsolutamente grave e il\u00edcita\u201d. As metas impostas s\u00e3o praticamente inating\u00edveis e a cobran\u00e7a \u00e9 excessiva, o que gera \u201cuma verdadeira legi\u00e3o de banc\u00e1rios acometidos de transtornos mentais\u201d, afirma.<\/p>\n<p style=\"text-align: justify;\">Precedente<br \/>\nO Santander \u00e9 a s\u00e9tima empresa que mais gera adoecimentos mentais no Brasil, segundo o juiz. Fica \u00e0 frente, inclusive, de atividades econ\u00f4micas inteiras, como hipermercados e telemarketing. Em 2014, em m\u00e9dia, dois empregados foram afastados por dia por acidente e doen\u00e7a mental ocupacional, em 2014.<\/p>\n<p style=\"text-align: justify;\">Entre 2012 e 2016, 1.784 banc\u00e1rios do Santander se afastaram com concess\u00e3o de aux\u00edlio-doen\u00e7a pelo Instituto Nacional do Seguro Social (INSS). O n\u00famero representa 26,38% dos 6.763 banc\u00e1rios que receberam o benef\u00edcio no per\u00edodo. O impacto dos afastamentos de funcion\u00e1rios do Santander nos cofres da Previd\u00eancia, que paga os aux\u00edlios, chega a R$ 57,4 milh\u00f5es entre 2010 e 2015.<\/p>\n<p style=\"text-align: justify;\">O Santander j\u00e1 foi condenado antes, pelo mesmo juiz, por ass\u00e9dio moral praticado por gerentes e pr\u00e1ticas discriminat\u00f3rias contra banc\u00e1rios que n\u00e3o atingiam as metas. A condena\u00e7\u00e3o, naquele caso, foi fixada em R$ 1 milh\u00e3o, por dano moral coletivo.<\/p>\n<p style=\"text-align: justify;\">As duas senten\u00e7as determinam que as obriga\u00e7\u00f5es devem ser cumpridas a partir de 1\u00ba de janeiro de 2020. O juiz enviou of\u00edcio \u00e0 Advocacia-Geral da Uni\u00e3o (AGU) no DF para que tome as provid\u00eancias em rela\u00e7\u00e3o ao ressarcimento do valor com gastos previdenci\u00e1rios aos cofres p\u00fablicos.<\/p>\n<p style=\"text-align: justify;\">Procurada pela reportagem, a assessoria do banco informou que \u201co Santander n\u00e3o se manifesta em casos sub judice\u201d.<\/p>\n<p style=\"text-align: justify;\">Fonte: Correio Braziliense \/ CONTEC<\/p>\n","protected":false},"excerpt":{"rendered":"<p class=\"excerpt\">Banco figura entre as sete que mais adoecem mentalmente os funcion\u00e1rios no pa\u00eds (Por Alessandra Azevedo) A Justi\u00e7a do Trabalho condenou o Santander por assediar moralmente os funcion\u00e1rios, ao submet\u00ea-los a metas abusivas de produ\u00e7\u00e3o e cobran\u00e7as excessivas. O resultado \u00e9 um alto \u00edndice de adoecimento mental ocupacional entre os empregados do banco, que figura [&hellip;]<\/p>\n","protected":false},"author":2,"featured_media":10634,"comment_status":"closed","ping_status":"closed","sticky":false,"template":"","format":"standard","meta":{"_et_pb_use_builder":"","_et_pb_old_content":"","_et_gb_content_width":"","footnotes":""},"categories":[155],"tags":[],"class_list":["post-10633","post","type-post","status-publish","format-standard","has-post-thumbnail","hentry","category-noticias-em-destaque"],"_links":{"self":[{"href":"https:\/\/sjcbancarios.com.br\/site\/wp-json\/wp\/v2\/posts\/10633","targetHints":{"allow":["GET"]}}],"collection":[{"href":"https:\/\/sjcbancarios.com.br\/site\/wp-json\/wp\/v2\/posts"}],"about":[{"href":"https:\/\/sjcbancarios.com.br\/site\/wp-json\/wp\/v2\/types\/post"}],"author":[{"embeddable":true,"href":"https:\/\/sjcbancarios.com.br\/site\/wp-json\/wp\/v2\/users\/2"}],"replies":[{"embeddable":true,"href":"https:\/\/sjcbancarios.com.br\/site\/wp-json\/wp\/v2\/comments?post=10633"}],"version-history":[{"count":0,"href":"https:\/\/sjcbancarios.com.br\/site\/wp-json\/wp\/v2\/posts\/10633\/revisions"}],"wp:featuredmedia":[{"embeddable":true,"href":"https:\/\/sjcbancarios.com.br\/site\/wp-json\/wp\/v2\/media\/10634"}],"wp:attachment":[{"href":"https:\/\/sjcbancarios.com.br\/site\/wp-json\/wp\/v2\/media?parent=10633"}],"wp:term":[{"taxonomy":"category","embeddable":true,"href":"https:\/\/sjcbancarios.com.br\/site\/wp-json\/wp\/v2\/categories?post=10633"},{"taxonomy":"post_tag","embeddable":true,"href":"https:\/\/sjcbancarios.com.br\/site\/wp-json\/wp\/v2\/tags?post=10633"}],"curies":[{"name":"wp","href":"https:\/\/api.w.org\/{rel}","templated":true}]}}