{"id":10617,"date":"2019-09-09T11:53:00","date_gmt":"2019-09-09T14:53:00","guid":{"rendered":"http:\/\/sjcbancarios.com.br\/site\/?p=10617"},"modified":"2019-09-09T11:53:00","modified_gmt":"2019-09-09T14:53:00","slug":"o-vale-tudo-dos-planos-de-saude","status":"publish","type":"post","link":"https:\/\/sjcbancarios.com.br\/site\/noticias\/o-vale-tudo-dos-planos-de-saude\/","title":{"rendered":"O vale-tudo dos planos de sa\u00fade"},"content":{"rendered":"<p style=\"text-align: justify;\">Operadoras querem liberar conv\u00eanios de menor cobertura (Por M\u00e1rio Scheffer, Marilena Lazzarini e Ligia Bahia)<\/p>\n<p style=\"text-align: justify;\">As empresas de planos de sa\u00fade partiram para o vale-tudo. Em artigo recente publicado nesta Folha, assumiram em p\u00fablico o que, h\u00e1 meses, conduzem nas sombras. Querem derrubar a lei atual para liberar o com\u00e9rcio de planos de menor cobertura. Querem o direito de captar e reter pagamentos de mensalidades, sem a obriga\u00e7\u00e3o de resolver os problemas de sa\u00fade de seus conveniados.<\/p>\n<p style=\"text-align: justify;\">Prometem salvar a sa\u00fade no Brasil com a venda de planos pobres para pobres, produtos enganosos mais baratos que deixar\u00e3o de fora quase tudo, dos casos de emerg\u00eancia ao diagn\u00f3stico e tratamento de c\u00e2nceres.<\/p>\n<p style=\"text-align: justify;\">Choram a perda de 3 milh\u00f5es de clientes nos \u00faltimos anos, mas escondem o impressionante ganho de receita em plena recess\u00e3o \u2014de R$ 109 bilh\u00f5es, em 2013, para R$ 196 bilh\u00f5es em 2018. Os aumentos implac\u00e1veis das mensalidades e a explos\u00e3o de a\u00e7\u00f5es judiciais contra servi\u00e7os cada vez piores explicam em parte o milagre.<\/p>\n<p style=\"text-align: justify;\">Plano de sa\u00fade, como diz o nome, n\u00e3o pode ser um improviso. \u00c9 um contrato de pr\u00e9-pagamento que deve conferir aos cidad\u00e3os, na hora do adoecimento, duas garantias: onde ir e, ao chegar ao servi\u00e7o de sa\u00fade, ter o atendimento necess\u00e1rio.<\/p>\n<p style=\"text-align: justify;\">Um projeto de lei ap\u00f3crifo, denunciado pelo colunista Elio Gaspari em 14 de julho, detalha o golpe da desregulamenta\u00e7\u00e3o. Al\u00e9m da \u201cmodula\u00e7\u00e3o\u201d de coberturas conforme o bolso do fregu\u00eas, o texto libera reajustes, acaba com o ressarcimento ao SUS (quando clientes de planos s\u00e3o socorridos na rede p\u00fablica), carimba fraude em todos os m\u00e9dicos e hospitais, desrespeita a autonomia profissional, julga doentes cr\u00f4nicos e idosos como gastadores a serem eliminados, alivia multas de operadoras reincidentes em abusos e joga uma p\u00e1 de cal na j\u00e1 desacreditada Ag\u00eancia Nacional de Sa\u00fade Suplementar (ANS).<\/p>\n<p style=\"text-align: justify;\">Sem pai nem m\u00e3e, o projeto aguarda ado\u00e7\u00e3o, foi deixado pelas operadoras na porta da C\u00e2mara dos Deputados. Assim, terceirizam o desgaste da lei impopular enquanto posam de reformadores do sistema de sa\u00fade.<\/p>\n<p style=\"text-align: justify;\">Vem coisa feia por a\u00ed, pois nunca hesitaram em utilizar meios escusos para obter mudan\u00e7as legais e vantagens fiscais. Grandes empresas do setor s\u00e3o acusadas de corrup\u00e7\u00e3o na Lava Jato, seus malfeitos foram revelados por tr\u00eas delatores; compraram profissionais da imprensa e palestras de famosos; financiaram campanhas de pol\u00edticos e, em troca, emplacaram diretores e presidentes da ANS; foram s\u00f3cias da m\u00e1fia do Imposto Sobre Servi\u00e7os (ISS) em S\u00e3o Paulo.<\/p>\n<p style=\"text-align: justify;\">Assim, situam-se em dois mundos. No das apar\u00eancias, propagandeiam suas virtudes competitivas contra o SUS. No real, estabelecem alian\u00e7as pol\u00edticas e financeiras. Batem no peito em defesa do mercado, mas trocam favores com governos de plant\u00e3o.<\/p>\n<p style=\"text-align: justify;\">Agora, determinados a aprovar os planos de sa\u00fade segmentados, exibem-se como extremistas radicais do liberalismo, alinhamento ideol\u00f3gico que n\u00e3o resiste \u00e0 deprava\u00e7\u00e3o pol\u00edtica suprapartid\u00e1ria que mais uma vez pretendem patrocinar.<\/p>\n<p style=\"text-align: justify;\"><strong>M\u00e1rio Scheffer<\/strong><br \/>\nProfessor do Departamento de Medicina Preventiva da Faculdade de Medicina da USP<\/p>\n<p style=\"text-align: justify;\"><strong>Marilena Lazzarini<\/strong><br \/>\nPresidente do Conselho Diretor do Idec (Instituto Brasileiro de Defesa do Consumidor)<\/p>\n<p style=\"text-align: justify;\"><strong>Ligia Bahia<\/strong><br \/>\nProfessora da UFRJ (Universidade Federal do Rio de Janeiro)<\/p>\n<p style=\"text-align: justify;\">Fonte: Folha.com \/ CONTEC<\/p>\n","protected":false},"excerpt":{"rendered":"<p class=\"excerpt\">Operadoras querem liberar conv\u00eanios de menor cobertura (Por M\u00e1rio Scheffer, Marilena Lazzarini e Ligia Bahia) As empresas de planos de sa\u00fade partiram para o vale-tudo. Em artigo recente publicado nesta Folha, assumiram em p\u00fablico o que, h\u00e1 meses, conduzem nas sombras. Querem derrubar a lei atual para liberar o com\u00e9rcio de planos de menor cobertura. [&hellip;]<\/p>\n","protected":false},"author":2,"featured_media":10618,"comment_status":"closed","ping_status":"closed","sticky":false,"template":"","format":"standard","meta":{"_et_pb_use_builder":"","_et_pb_old_content":"","_et_gb_content_width":"","footnotes":""},"categories":[13],"tags":[],"class_list":["post-10617","post","type-post","status-publish","format-standard","has-post-thumbnail","hentry","category-noticias"],"_links":{"self":[{"href":"https:\/\/sjcbancarios.com.br\/site\/wp-json\/wp\/v2\/posts\/10617","targetHints":{"allow":["GET"]}}],"collection":[{"href":"https:\/\/sjcbancarios.com.br\/site\/wp-json\/wp\/v2\/posts"}],"about":[{"href":"https:\/\/sjcbancarios.com.br\/site\/wp-json\/wp\/v2\/types\/post"}],"author":[{"embeddable":true,"href":"https:\/\/sjcbancarios.com.br\/site\/wp-json\/wp\/v2\/users\/2"}],"replies":[{"embeddable":true,"href":"https:\/\/sjcbancarios.com.br\/site\/wp-json\/wp\/v2\/comments?post=10617"}],"version-history":[{"count":0,"href":"https:\/\/sjcbancarios.com.br\/site\/wp-json\/wp\/v2\/posts\/10617\/revisions"}],"wp:featuredmedia":[{"embeddable":true,"href":"https:\/\/sjcbancarios.com.br\/site\/wp-json\/wp\/v2\/media\/10618"}],"wp:attachment":[{"href":"https:\/\/sjcbancarios.com.br\/site\/wp-json\/wp\/v2\/media?parent=10617"}],"wp:term":[{"taxonomy":"category","embeddable":true,"href":"https:\/\/sjcbancarios.com.br\/site\/wp-json\/wp\/v2\/categories?post=10617"},{"taxonomy":"post_tag","embeddable":true,"href":"https:\/\/sjcbancarios.com.br\/site\/wp-json\/wp\/v2\/tags?post=10617"}],"curies":[{"name":"wp","href":"https:\/\/api.w.org\/{rel}","templated":true}]}}