{"id":10588,"date":"2019-09-03T10:57:08","date_gmt":"2019-09-03T13:57:08","guid":{"rendered":"http:\/\/sjcbancarios.com.br\/site\/?p=10588"},"modified":"2019-09-03T10:57:08","modified_gmt":"2019-09-03T13:57:08","slug":"no-de-fiscalizacoes-de-trabalho-infantil-e-o-2o-menor-registrado-nos-ultimos-10-anos","status":"publish","type":"post","link":"https:\/\/sjcbancarios.com.br\/site\/noticias\/no-de-fiscalizacoes-de-trabalho-infantil-e-o-2o-menor-registrado-nos-ultimos-10-anos\/","title":{"rendered":"N\u00ba de fiscaliza\u00e7\u00f5es de trabalho infantil \u00e9 o 2\u00ba menor registrado nos \u00faltimos 10 anos"},"content":{"rendered":"<p style=\"text-align: justify;\">De janeiro a julho deste ano, a Secretaria de Inspe\u00e7\u00e3o do Trabalho fez 361 fiscaliza\u00e7\u00f5es para o combate ao trabalho infantil. Esse n\u00famero \u00e9 o segundo menor registrado nos \u00faltimos 10 anos. Os estados com menos a\u00e7\u00f5es neste ano foram Para\u00edba, Rio Grande do Norte e Piau\u00ed. Segundo os dados, n\u00e3o houve fiscaliza\u00e7\u00e3o neste ano no Acre e no Esp\u00edrito Santo.<\/p>\n<p style=\"text-align: justify;\">No mesmo per\u00edodo de 2018, por exemplo, foram 432 fiscaliza\u00e7\u00f5es de trabalho infantil. Isso significa, portanto, que houve uma queda de 16,4% no n\u00famero de fiscaliza\u00e7\u00f5es em um ano.<\/p>\n<p style=\"text-align: justify;\">O ano com o maior n\u00famero de inspe\u00e7\u00f5es nos \u00faltimos 10 anos foi 2011. Foram 1.221 inspe\u00e7\u00f5es naquele ano. J\u00e1 o menor n\u00famero foi registrado em 2016 \u2013 188 inspe\u00e7\u00f5es.<\/p>\n<p style=\"text-align: justify;\">Os dados foram conseguidos via Lei de Acesso \u00e0 Informa\u00e7\u00e3o e s\u00e3o os mais recentes enviados pela Secretaria de Inspe\u00e7\u00e3o do Trabalho, ligada ao Minist\u00e9rio da Economia. O levantamento n\u00e3o considera os dados das fiscaliza\u00e7\u00f5es da Lei de Aprendizagem, que abrange adolescentes a partir de 14 anos.<\/p>\n<p style=\"text-align: justify;\">O n\u00famero de crian\u00e7as encontradas em situa\u00e7\u00e3o de trabalho infantil tamb\u00e9m caiu: 652 crian\u00e7as de janeiro a julho de 2019. Nesse intervalo de 2018, foram 1.165 crian\u00e7as. O menor n\u00famero foi registrado em 2016: 582.<\/p>\n<p style=\"text-align: justify;\">Neste ano, de janeiro a julho, n\u00e3o houve fiscaliza\u00e7\u00e3o para o combate ao trabalho infantil no Acre e no Esp\u00edrito Santo. J\u00e1 no Tocantins e na Para\u00edba houve apenas uma a\u00e7\u00e3o fiscal. A lista de estados com mais fiscaliza\u00e7\u00f5es em 2019 \u00e9 liderada por Mato Grosso do Sul: 56 opera\u00e7\u00f5es \u2013 o equivalente a 15,5% do total. Em seguida, v\u00eam Minas Gerais e S\u00e3o Paulo, com 40 e 32 fiscaliza\u00e7\u00f5es, respectivamente.<\/p>\n<p style=\"text-align: justify;\">Em nota, a Secretaria de Inspe\u00e7\u00e3o do Trabalho diz que houve uma greve de auditores, profissionais envolvidos nas fiscaliza\u00e7\u00f5es, em 2016 e que \u201ctodos os projetos tiveram redu\u00e7\u00e3o nesse per\u00edodo como consequ\u00eancia\u201d. Para a secretaria, por\u00e9m, os dados de 2019 \u201cn\u00e3o indicam valores discrepantes em rela\u00e7\u00e3o a outros anos\u201d.<\/p>\n<p style=\"text-align: justify;\"><strong>Combate ao trabalho infantil<br \/>\n<\/strong>Para Roselaine Bonfim de Almeida, professora de economia da Universidade Federal da Grande Dourados, que escreveu uma tese de doutorado sobre o efeito das fiscaliza\u00e7\u00f5es do trabalho para a redu\u00e7\u00e3o do trabalho infantil no Brasil, as fiscaliza\u00e7\u00f5es s\u00e3o um dos elementos importantes para combater o trabalho infantil.<\/p>\n<p style=\"text-align: justify;\">Segundo ela, o tamanho da equipe de auditores fiscais e tamb\u00e9m a dist\u00e2ncia at\u00e9 o local da fiscaliza\u00e7\u00e3o s\u00e3o fatores decisivos para calcular a probabilidade de haver uma fiscaliza\u00e7\u00e3o em determinado lugar. A professora lembra ainda que o trabalho infantil est\u00e1 relacionado \u00e0 pobreza, \u00e0 escolaridade dos pais, \u00e0 composi\u00e7\u00e3o da fam\u00edlia, \u00e0 idade em que os pais come\u00e7aram a trabalhar, entre outros.<\/p>\n<p style=\"text-align: justify;\">\u201cA gente n\u00e3o vai conseguir resolver esse problema enquanto a gente n\u00e3o resolver outros problemas no nosso pa\u00eds, como a quest\u00e3o da distribui\u00e7\u00e3o de renda \u2013 um dos principais determinantes \u00e9 a pobreza \u2013 e a escolaridade dos pais. H\u00e1 ind\u00edcios de que quanto maior a escolaridade dos pais menor \u00e9 a probabilidade de trabalho infantil\u201d, diz a professora.<\/p>\n<p style=\"text-align: justify;\">A secret\u00e1ria executiva do F\u00f3rum Nacional de Preven\u00e7\u00e3o e Erradica\u00e7\u00e3o do Trabalho Infantil (FNPETI), Isa Oliveira, afirma que a redu\u00e7\u00e3o do n\u00famero de fiscaliza\u00e7\u00f5es pode estar relacionada \u00e0 conten\u00e7\u00e3o de recursos para essa atividade na Secretaria de Inspe\u00e7\u00e3o do Trabalho. Para ela, a falta de fiscaliza\u00e7\u00e3o pode trazer preju\u00edzos, j\u00e1 que a fiscaliza\u00e7\u00e3o \u00e9 \u201cuma estrat\u00e9gia importante\u201d para o combate ao trabalho infantil.<\/p>\n<p style=\"text-align: justify;\">Segundo dados da Secretaria de Or\u00e7amento de Federal (SOF), a dota\u00e7\u00e3o atualizada para a fiscaliza\u00e7\u00e3o de obriga\u00e7\u00f5es trabalhistas e inspe\u00e7\u00e3o em seguran\u00e7a foi de R$ 8,3 milh\u00f5es em 2018. J\u00e1 para 2019 esse valor \u00e9 de R$ 3,3 milh\u00f5es \u2013 60,6% menor do que o ano anterior.<\/p>\n<p style=\"text-align: justify;\">Isa Oliveira acrescenta ainda que o Brasil assumiu o compromisso de eliminar todas as formas de trabalho infantil at\u00e9 2025 ao ratificar conven\u00e7\u00e3o da Organiza\u00e7\u00e3o Internacional do Trabalho (OIT). Ela lembra que o compromisso est\u00e1 dentro de uma agenda que tamb\u00e9m envolve o combate \u00e0 pobreza e \u00e0 desigualdade, al\u00e9m de melhorias em educa\u00e7\u00e3o e sa\u00fade.<\/p>\n<p style=\"text-align: justify;\">\u201cO maior percentual de crian\u00e7as em trabalho infantil \u00e9 de meninos. Quando analisado, por\u00e9m, apenas o recorte de trabalho infantil dom\u00e9stico, mais de 93% s\u00e3o meninas. A maioria das crian\u00e7as em trabalho infantil (65%) \u00e9 negra.\u2153 do trabalho infantil est\u00e1 no campo e\u2154 est\u00e3o na cidade. Esses recortes s\u00e3o importante para as pol\u00edticas p\u00fablicas, para fornecer subs\u00eddios para aqueles que tomam as decis\u00f5es\u201d, afirma a secret\u00e1ria executiva do FNPETI.<\/p>\n<p style=\"text-align: justify;\">J\u00e1 a soci\u00f3loga Gra\u00e7a Gadelha, especialista da Rede Peteca, plataforma que apresenta informa\u00e7\u00f5es sobre os direitos da crian\u00e7a e do adolescente e a erradica\u00e7\u00e3o do trabalho infantil, lamenta que a pol\u00edtica da inf\u00e2ncia e da adolesc\u00eancia n\u00e3o \u00e9 mais uma prioridade e diz que faltam recursos em \u00e1reas estrat\u00e9gicas da educa\u00e7\u00e3o e dos direitos sociais.<\/p>\n<p style=\"text-align: justify;\">Ela destaca ainda que, sem bases de dados que re\u00fanam informa\u00e7\u00f5es sobre o assunto, o governo n\u00e3o conseguir\u00e1 elaborar e executar pol\u00edticas p\u00fablicas de enfrentamento ao trabalho infantil.<\/p>\n<p style=\"text-align: justify;\"><strong>O que \u00e9 trabalho infantil<br \/>\n<\/strong>O trabalho infantil \u00e9 caracterizado pelo trabalho feito por crian\u00e7as com idade inferior \u00e0 m\u00ednima para a entrada no mercado de trabalho. No Brasil, o trabalho \u00e9 permitido a partir dos 14 anos apenas como aprendiz, seguindo o que \u00e9 determinado na Lei de Aprendizagem. J\u00e1 o trabalho \u00e9 permitido a partir dos 16 anos, exceto nos caso de trabalho noturno, perigoso ou insalubre. Nesses casos, a idade m\u00ednima \u00e9 18 anos.<\/p>\n<p style=\"text-align: justify;\">O Brasil assinou conven\u00e7\u00f5es da Organiza\u00e7\u00e3o Internacional do Trabalho (OIT) que estabelecem regras e compromissos para desenvolver a\u00e7\u00f5es e legisla\u00e7\u00f5es com o objetivo de acabar com o trabalho infantil.<\/p>\n<p style=\"text-align: justify;\">A OIT refor\u00e7a que o trabalho infantil \u00e9 ilegal e priva crian\u00e7as e adolescentes de uma inf\u00e2ncia normal, al\u00e9m de impedi-los de frequentar a escola, estudar normalmente e desenvolver de maneira saud\u00e1vel todas as suas capacidades e habilidades.<\/p>\n<p style=\"text-align: justify;\"><strong>O trabalho infantil no Brasil<br \/>\n<\/strong>Segundo dados da Pnad Cont\u00ednua do IBGE, havia 1,8 milh\u00e3o de crian\u00e7as e adolescentes de 5 a 17 anos em situa\u00e7\u00e3o de trabalho infantil no Brasil em 2016. Esse \u00e9 o dado oficial mais recente divulgado. Para o F\u00f3rum Nacional de Preven\u00e7\u00e3o e Erradica\u00e7\u00e3o do Trabalho Infantil (FNPETI), por\u00e9m, esse n\u00famero \u00e9 maior.<\/p>\n<p style=\"text-align: justify;\">A secret\u00e1ria executiva do f\u00f3rum, Isa Oliveira, afirma que esse n\u00famero da Pnad Cont\u00ednua de 2016 n\u00e3o inclui ainda as crian\u00e7as que est\u00e3o em condi\u00e7\u00f5es de trabalho infantil pelas ocupa\u00e7\u00f5es \u201cprodu\u00e7\u00e3o para o pr\u00f3prio consumo\u201d e \u201cna constru\u00e7\u00e3o para pr\u00f3prio uso\u201d, quando as crian\u00e7as precisam trabalhar para se alimentar ou ainda ficam encarregadas de reparos e constru\u00e7\u00f5es, muitas vezes na resid\u00eancia da pr\u00f3pria fam\u00edlia.<\/p>\n<p style=\"text-align: justify;\">Se esses dados fossem considerados, afirma Isa Oliveira, \u00e9 poss\u00edvel dizer que havia cerca de 2,4 milh\u00f5es de crian\u00e7as e adolescentes de 5 a 17 anos em trabalho infantil no Brasil em 2016.<\/p>\n<p style=\"text-align: justify;\"><strong>Fiscaliza\u00e7\u00e3o contra o trabalho infantil<br \/>\n<\/strong>A Secretaria de Inspe\u00e7\u00e3o do Trabalho afirma que as fiscaliza\u00e7\u00f5es de combate ao trabalho infantil s\u00e3o obrigat\u00f3rias em todas as unidades regionais e que h\u00e1 um coordenador especificamente designado para o tema em cada estado. Tamb\u00e9m \u00e9 feito, segundo a secretaria, um planejamento nacional em que s\u00e3o definidas metas de a\u00e7\u00f5es por estado e cada coordenador regional define as estrat\u00e9gias e o planejamento estadual para realiza\u00e7\u00e3o do quantitativo de a\u00e7\u00f5es determinado.<\/p>\n<p style=\"text-align: justify;\">Durante a fiscaliza\u00e7\u00e3o para o combate ao trabalho infantil, o auditor verifica as condi\u00e7\u00f5es do ambiente de trabalho, al\u00e9m de entrevistar eventuais crian\u00e7as\/adolescentes encontrados e o eventual empregador encontrado. O auditor tamb\u00e9m preenche a documenta\u00e7\u00e3o pertinente e entrega notifica\u00e7\u00f5es para provid\u00eancias espec\u00edficas.<\/p>\n<p style=\"text-align: justify;\">Quando h\u00e1 caso de afastamento do trabalho, o auditor estabelece o pagamento das verbas rescis\u00f3rias pertinentes, lavra os autos de infra\u00e7\u00e3o cab\u00edveis e realiza os devidos encaminhamentos das informa\u00e7\u00f5es a outros entes da rede de prote\u00e7\u00e3o (conselhos tutelares, assist\u00eancia social, Minist\u00e9rio P\u00fablico e outros \u00f3rg\u00e3os que entender necess\u00e1rios).<\/p>\n<p style=\"text-align: justify;\">Toda fiscaliza\u00e7\u00e3o produz um relat\u00f3rio de inspe\u00e7\u00e3o como procedimento padr\u00e3o. Esses relat\u00f3rios s\u00e3o feitos online e seus dados s\u00e3o s\u00e3o registrados no Sistema Federal de Inspe\u00e7\u00e3o do Trabalho (Sfitweb).<\/p>\n<p style=\"text-align: justify;\">O Sfitweb foi institu\u00eddo em dezembro de 2016 e sistematizou informa\u00e7\u00f5es sobre as fiscaliza\u00e7\u00f5es. Segundo a secretaria, os dados desses relat\u00f3rios s\u00e3o consolidados e servem como fonte de informa\u00e7\u00f5es para consultas futuras.<\/p>\n<p style=\"text-align: justify;\"><strong>Bolsonaro e trabalho infantil<br \/>\n<\/strong>Em uma transmiss\u00e3o ao vivo, em 4 de julho deste ano, o presidente Jair Bolsonaro afirmou que trabalhou em uma fazenda aos 9, 10 anos em uma planta\u00e7\u00e3o de milho em Eldorado, em S\u00e3o Paulo, e que \u201cn\u00e3o foi prejudicado em nada\u201d. Bolsonaro tamb\u00e9m disse que \u201co trabalho dignifica o homem, a mulher, n\u00e3o interessa a idade\u201d e que n\u00e3o vai apresentar projeto para descriminalizar o trabalho infantil \u201cporque seria massacrado\u201d.<\/p>\n<p style=\"text-align: justify;\">\u201cQuando um moleque de 9, 10 anos vai trabalhar em algum lugar est\u00e1 cheio de gente a\u00ed dizendo que \u00e9 trabalho escravo, n\u00e3o sei o qu\u00ea, trabalho infantil. Agora, quando est\u00e1 fumando em um paralelep\u00edpedo de crack, ningu\u00e9m fala nada. Ent\u00e3o o trabalho n\u00e3o atrapalha a vida de ningu\u00e9m.\u201d<\/p>\n<p style=\"text-align: justify;\">No dia seguinte, por\u00e9m, Bolsonaro voltou atr\u00e1s e afirmou que n\u00e3o defende o trabalho infantil. Ele disse que usou o pr\u00f3prio exemplo para afirmar que o trabalho \u201cenobrece todo mundo e se aprende a dar valor ao dinheiro desde cedo quando se trabalha\u201d.<\/p>\n<p style=\"text-align: justify;\">\u201cTrabalhei desde os 8 anos de idade plantando milho, colhendo banana, com caixa de banana nas costas com 10 anos de idade e estudava. E hoje sou quem sou. Isso n\u00e3o \u00e9 demagogia. Isso \u00e9 verdade\u201d, afirmou.<\/p>\n<p style=\"text-align: justify;\">Fonte: G1 \/ CONTEC<\/p>\n","protected":false},"excerpt":{"rendered":"<p class=\"excerpt\">De janeiro a julho deste ano, a Secretaria de Inspe\u00e7\u00e3o do Trabalho fez 361 fiscaliza\u00e7\u00f5es para o combate ao trabalho infantil. Esse n\u00famero \u00e9 o segundo menor registrado nos \u00faltimos 10 anos. Os estados com menos a\u00e7\u00f5es neste ano foram Para\u00edba, Rio Grande do Norte e Piau\u00ed. Segundo os dados, n\u00e3o houve fiscaliza\u00e7\u00e3o neste ano [&hellip;]<\/p>\n","protected":false},"author":2,"featured_media":10589,"comment_status":"closed","ping_status":"closed","sticky":false,"template":"","format":"standard","meta":{"_et_pb_use_builder":"","_et_pb_old_content":"","_et_gb_content_width":"","footnotes":""},"categories":[13],"tags":[],"class_list":["post-10588","post","type-post","status-publish","format-standard","has-post-thumbnail","hentry","category-noticias"],"_links":{"self":[{"href":"https:\/\/sjcbancarios.com.br\/site\/wp-json\/wp\/v2\/posts\/10588","targetHints":{"allow":["GET"]}}],"collection":[{"href":"https:\/\/sjcbancarios.com.br\/site\/wp-json\/wp\/v2\/posts"}],"about":[{"href":"https:\/\/sjcbancarios.com.br\/site\/wp-json\/wp\/v2\/types\/post"}],"author":[{"embeddable":true,"href":"https:\/\/sjcbancarios.com.br\/site\/wp-json\/wp\/v2\/users\/2"}],"replies":[{"embeddable":true,"href":"https:\/\/sjcbancarios.com.br\/site\/wp-json\/wp\/v2\/comments?post=10588"}],"version-history":[{"count":0,"href":"https:\/\/sjcbancarios.com.br\/site\/wp-json\/wp\/v2\/posts\/10588\/revisions"}],"wp:featuredmedia":[{"embeddable":true,"href":"https:\/\/sjcbancarios.com.br\/site\/wp-json\/wp\/v2\/media\/10589"}],"wp:attachment":[{"href":"https:\/\/sjcbancarios.com.br\/site\/wp-json\/wp\/v2\/media?parent=10588"}],"wp:term":[{"taxonomy":"category","embeddable":true,"href":"https:\/\/sjcbancarios.com.br\/site\/wp-json\/wp\/v2\/categories?post=10588"},{"taxonomy":"post_tag","embeddable":true,"href":"https:\/\/sjcbancarios.com.br\/site\/wp-json\/wp\/v2\/tags?post=10588"}],"curies":[{"name":"wp","href":"https:\/\/api.w.org\/{rel}","templated":true}]}}