{"id":10576,"date":"2019-09-02T11:48:00","date_gmt":"2019-09-02T14:48:00","guid":{"rendered":"http:\/\/sjcbancarios.com.br\/site\/?p=10576"},"modified":"2019-09-02T11:48:00","modified_gmt":"2019-09-02T14:48:00","slug":"bradesco-lanca-novo-plano-de-demissao-voluntaria-pdv","status":"publish","type":"post","link":"https:\/\/sjcbancarios.com.br\/site\/noticias-em-destaque\/bradesco-lanca-novo-plano-de-demissao-voluntaria-pdv\/","title":{"rendered":"Bradesco lan\u00e7a novo Plano de Demiss\u00e3o Volunt\u00e1ria (PDV)"},"content":{"rendered":"<p style=\"text-align: justify;\">O Bradesco lan\u00e7ou, na quinta-feira 29, seu segundo Plano de Demiss\u00e3o Volunt\u00e1ria (PDV) em pouco mais de dois anos. Mesmo depois de negar aos representantes dos trabalhadores, em reuni\u00e3o h\u00e1 10 dias, que tivesse inten\u00e7\u00e3o de realizar um novo plano, o banco divulgou atrav\u00e9s de comunicado os requisitos para os trabalhadores que querem aderir.<\/p>\n<p>S\u00e3o eleg\u00edveis ao PDV, trabalhadores que tenham 20 anos ou mais de v\u00ednculo com o banco, em departamentos ou empresas coligadas, ou 10 anos para os lotados nos departamentos DOC e Telebanco.<\/p>\n<p>E ainda: aposentados ou que tenham os requisitos para se aposentar; dirigentes sindicais, cipeiros e outros que tenham estabilidade; reintegrados ou aposentados por invalidez que retornaram ao trabalho.<\/p>\n<p>Os funcion\u00e1rios da rede de ag\u00eancias n\u00e3o podem participar do PDV, com exce\u00e7\u00e3o dos banc\u00e1rios de ag\u00eancias que se enquadrarem, at\u00e9 31 de agosto de 2019, em algumas das situa\u00e7\u00f5es citadas acima (aposentados ou que j\u00e1 podem se aposentar; dirigentes sindicais, cipeiros e outros com estabilidade; reintegrados ou aposentados por invalidez que retornaram ao trabalho) at\u00e9 31 de agosto de 2019.<\/p>\n<p>O prazo para ades\u00e3o \u00e9 entre 2 de setembro e 16 de outubro.<\/p>\n<p>Como incentivo, o Bradesco oferece o pagamento de 60% do sal\u00e1rio por ano trabalhado, limitado a 12 sal\u00e1rios do funcion\u00e1rio, al\u00e9m de 18 meses de plano de sa\u00fade e seis meses de vale-alimenta\u00e7\u00e3o.<\/p>\n<p>Fonte: FEEB SP-MS<\/p>\n<p style=\"text-align: justify;\">\u00a0<\/p>\n","protected":false},"excerpt":{"rendered":"<p class=\"excerpt\">O Bradesco lan\u00e7ou, na quinta-feira 29, seu segundo Plano de Demiss\u00e3o Volunt\u00e1ria (PDV) em pouco mais de dois anos. Mesmo depois de negar aos representantes dos trabalhadores, em reuni\u00e3o h\u00e1 10 dias, que tivesse inten\u00e7\u00e3o de realizar um novo plano, o banco divulgou atrav\u00e9s de comunicado os requisitos para os trabalhadores que querem aderir. S\u00e3o [&hellip;]<\/p>\n","protected":false},"author":2,"featured_media":10577,"comment_status":"closed","ping_status":"closed","sticky":false,"template":"","format":"standard","meta":{"_et_pb_use_builder":"","_et_pb_old_content":"","_et_gb_content_width":"","footnotes":""},"categories":[155],"tags":[],"class_list":["post-10576","post","type-post","status-publish","format-standard","has-post-thumbnail","hentry","category-noticias-em-destaque"],"_links":{"self":[{"href":"https:\/\/sjcbancarios.com.br\/site\/wp-json\/wp\/v2\/posts\/10576","targetHints":{"allow":["GET"]}}],"collection":[{"href":"https:\/\/sjcbancarios.com.br\/site\/wp-json\/wp\/v2\/posts"}],"about":[{"href":"https:\/\/sjcbancarios.com.br\/site\/wp-json\/wp\/v2\/types\/post"}],"author":[{"embeddable":true,"href":"https:\/\/sjcbancarios.com.br\/site\/wp-json\/wp\/v2\/users\/2"}],"replies":[{"embeddable":true,"href":"https:\/\/sjcbancarios.com.br\/site\/wp-json\/wp\/v2\/comments?post=10576"}],"version-history":[{"count":0,"href":"https:\/\/sjcbancarios.com.br\/site\/wp-json\/wp\/v2\/posts\/10576\/revisions"}],"wp:featuredmedia":[{"embeddable":true,"href":"https:\/\/sjcbancarios.com.br\/site\/wp-json\/wp\/v2\/media\/10577"}],"wp:attachment":[{"href":"https:\/\/sjcbancarios.com.br\/site\/wp-json\/wp\/v2\/media?parent=10576"}],"wp:term":[{"taxonomy":"category","embeddable":true,"href":"https:\/\/sjcbancarios.com.br\/site\/wp-json\/wp\/v2\/categories?post=10576"},{"taxonomy":"post_tag","embeddable":true,"href":"https:\/\/sjcbancarios.com.br\/site\/wp-json\/wp\/v2\/tags?post=10576"}],"curies":[{"name":"wp","href":"https:\/\/api.w.org\/{rel}","templated":true}]}}