{"id":10528,"date":"2019-08-22T12:28:44","date_gmt":"2019-08-22T15:28:44","guid":{"rendered":"http:\/\/sjcbancarios.com.br\/site\/?p=10528"},"modified":"2019-08-22T12:39:47","modified_gmt":"2019-08-22T15:39:47","slug":"mesmo-com-cenario-adverso-aumento-real-dos-bancarios-esta-garantido","status":"publish","type":"post","link":"https:\/\/sjcbancarios.com.br\/site\/noticias\/mesmo-com-cenario-adverso-aumento-real-dos-bancarios-esta-garantido\/","title":{"rendered":"Mesmo com cen\u00e1rio adverso, aumento real dos banc\u00e1rios est\u00e1 garantido!"},"content":{"rendered":"<p style=\"text-align: justify;\">O Comando Nacional dos Banc\u00e1rios se reuniu em S\u00e3o Paulo nesta ter\u00e7a-feira , dia 20, com a Federa\u00e7\u00e3o Nacional dos Bancos (Fenaban).<\/p>\n<p style=\"text-align: justify;\">Em pauta estavam o abono das faltas ocorridas no dia 14 de junho, quando a categoria aderiu \u00e0 greve geral convocada pelas centrais sindicais contra a reforma da Previd\u00eancia, e o cumprimento da Conven\u00e7\u00e3o Coletiva de Trabalho (CCT) com rela\u00e7\u00e3o \u00e0 garantia de reajuste nos sal\u00e1rios e cl\u00e1usulas econ\u00f4micas e as datas de pagamento da Participa\u00e7\u00e3o nos Lucros e\/ou Resultados e programas pr\u00f3prios dos bancos.<\/p>\n<p style=\"text-align: justify;\">Sobre a PLR, a Conven\u00e7\u00e3o Coletiva de Trabalho (CCT) da categoria determina que os bancos privados efetuem o pagamento at\u00e9 o dia 20 de setembro; o Banco do Brasil at\u00e9 10 dias ap\u00f3s a distribui\u00e7\u00e3o dos dividendos aos acionistas; e a Caixa at\u00e9 o dia 30 de setembro.<\/p>\n<p style=\"text-align: justify;\">Os bancos garantiram o cumprimento dos pontos acordados na CCT, inclusive a data de pagamento da PLR. A exce\u00e7\u00e3o do Santander, que ter\u00e1 que pagar somente no dia 30, devido o c\u00e1lculo e sistema de pagamento do programa pr\u00f3prio.<\/p>\n<p style=\"text-align: justify;\">Caso algum banco consiga antecipar o pagamento da primeira parcela da PLR, vai informar antecipadamente o Comando.<\/p>\n<p style=\"text-align: justify;\">&#8220;A garantia do acordo coletivo valido por dois anos, foi uma grande vit\u00f3ria para a categoria na campanha do ano passado, pois nos garantiu a manuten\u00e7\u00e3o de todas as cl\u00e1usulas da nossa CCT nacional, mesmo em meio \u00e0 retirada de direitos da reforma trabalhista, e ainda assegurou para este ano aumento real de 1% nos sal\u00e1rios, na PLR e nas demais verbas como vales refei\u00e7\u00e3o e alimenta\u00e7\u00e3o&#8221;, destaca <em>Geraldo Soares dos Santos<\/em>, presidente do sindicato.<\/p>\n<p style=\"text-align: justify;\">\u201cInfelizmente, a categoria deve ser uma das poucas que conseguir\u00e1 aumento real neste ano. Ainda mais entre as empresas p\u00fablicas\u201d, relata Juvandia Moreira, coordenadora do Comando.<\/p>\n<p style=\"text-align: justify;\">Ela lembra que o reajuste tamb\u00e9m est\u00e1 garantido para os banc\u00e1rios da Caixa Econ\u00f4mica Federal, Banco do Brasil e demais bancos p\u00fablicos que comp\u00f5em a mesa \u00fanica de negocia\u00e7\u00f5es.<\/p>\n<p style=\"text-align: justify;\"><strong>Reajuste<\/strong><br \/>\nO reajuste com aumento real (INPC + 1%) incide sobre os sal\u00e1rios e demais cl\u00e1usulas econ\u00f4micas, como vale refei\u00e7\u00e3o, vale alimenta\u00e7\u00e3o, aux\u00edlio creche\/bab\u00e1, PLR, pisos, gratifica\u00e7\u00f5es e 13\u00aa cesta.<\/p>\n<p style=\"text-align: justify;\"><strong>Trabalho aos s\u00e1bados<\/strong><br \/>\nO Comando Nacional ressaltou a contrariedade da categoria com a proposta de abertura de ag\u00eancias e de trabalho aos s\u00e1bados e que vai continuar lutando contra a aprova\u00e7\u00e3o do Projeto de Lei de Convers\u00e3o (PLV) 17\/2019 (antiga MP 881\/2019) pelo Senado.<\/p>\n<p>Fonte: Seeb SP<\/p>\n","protected":false},"excerpt":{"rendered":"<p class=\"excerpt\">O Comando Nacional dos Banc\u00e1rios se reuniu em S\u00e3o Paulo nesta ter\u00e7a-feira , dia 20, com a Federa\u00e7\u00e3o Nacional dos Bancos (Fenaban). Em pauta estavam o abono das faltas ocorridas no dia 14 de junho, quando a categoria aderiu \u00e0 greve geral convocada pelas centrais sindicais contra a reforma da Previd\u00eancia, e o cumprimento da [&hellip;]<\/p>\n","protected":false},"author":2,"featured_media":10529,"comment_status":"closed","ping_status":"closed","sticky":false,"template":"","format":"standard","meta":{"_et_pb_use_builder":"","_et_pb_old_content":"","_et_gb_content_width":"","footnotes":""},"categories":[13],"tags":[],"class_list":["post-10528","post","type-post","status-publish","format-standard","has-post-thumbnail","hentry","category-noticias"],"_links":{"self":[{"href":"https:\/\/sjcbancarios.com.br\/site\/wp-json\/wp\/v2\/posts\/10528","targetHints":{"allow":["GET"]}}],"collection":[{"href":"https:\/\/sjcbancarios.com.br\/site\/wp-json\/wp\/v2\/posts"}],"about":[{"href":"https:\/\/sjcbancarios.com.br\/site\/wp-json\/wp\/v2\/types\/post"}],"author":[{"embeddable":true,"href":"https:\/\/sjcbancarios.com.br\/site\/wp-json\/wp\/v2\/users\/2"}],"replies":[{"embeddable":true,"href":"https:\/\/sjcbancarios.com.br\/site\/wp-json\/wp\/v2\/comments?post=10528"}],"version-history":[{"count":0,"href":"https:\/\/sjcbancarios.com.br\/site\/wp-json\/wp\/v2\/posts\/10528\/revisions"}],"wp:featuredmedia":[{"embeddable":true,"href":"https:\/\/sjcbancarios.com.br\/site\/wp-json\/wp\/v2\/media\/10529"}],"wp:attachment":[{"href":"https:\/\/sjcbancarios.com.br\/site\/wp-json\/wp\/v2\/media?parent=10528"}],"wp:term":[{"taxonomy":"category","embeddable":true,"href":"https:\/\/sjcbancarios.com.br\/site\/wp-json\/wp\/v2\/categories?post=10528"},{"taxonomy":"post_tag","embeddable":true,"href":"https:\/\/sjcbancarios.com.br\/site\/wp-json\/wp\/v2\/tags?post=10528"}],"curies":[{"name":"wp","href":"https:\/\/api.w.org\/{rel}","templated":true}]}}