{"id":10525,"date":"2019-08-22T12:20:15","date_gmt":"2019-08-22T15:20:15","guid":{"rendered":"http:\/\/sjcbancarios.com.br\/site\/?p=10525"},"modified":"2019-08-22T13:46:10","modified_gmt":"2019-08-22T16:46:10","slug":"funcionarios-do-bb-se-mobilizam-contra-ataques-a-cassi","status":"publish","type":"post","link":"https:\/\/sjcbancarios.com.br\/site\/noticias-em-destaque\/funcionarios-do-bb-se-mobilizam-contra-ataques-a-cassi\/","title":{"rendered":"Funcion\u00e1rios do BB se mobilizam contra ataques a Cassi"},"content":{"rendered":"<p><img loading=\"lazy\" decoding=\"async\" class=\"alignnone wp-image-10534 size-large\" src=\"http:\/\/sjcbancarios.com.br\/site\/wp-content\/uploads\/2019\/08\/IMG-20190822-WA0019-1-1024x768.jpg\" alt=\"\" width=\"1024\" height=\"768\" srcset=\"https:\/\/sjcbancarios.com.br\/site\/wp-content\/uploads\/2019\/08\/IMG-20190822-WA0019-1-1024x768.jpg 1024w, https:\/\/sjcbancarios.com.br\/site\/wp-content\/uploads\/2019\/08\/IMG-20190822-WA0019-1-400x300.jpg 400w, https:\/\/sjcbancarios.com.br\/site\/wp-content\/uploads\/2019\/08\/IMG-20190822-WA0019-1-768x576.jpg 768w, https:\/\/sjcbancarios.com.br\/site\/wp-content\/uploads\/2019\/08\/IMG-20190822-WA0019-1-24x18.jpg 24w, https:\/\/sjcbancarios.com.br\/site\/wp-content\/uploads\/2019\/08\/IMG-20190822-WA0019-1-36x27.jpg 36w, https:\/\/sjcbancarios.com.br\/site\/wp-content\/uploads\/2019\/08\/IMG-20190822-WA0019-1-48x36.jpg 48w, https:\/\/sjcbancarios.com.br\/site\/wp-content\/uploads\/2019\/08\/IMG-20190822-WA0019-1.jpg 1048w\" sizes=\"(max-width: 1024px) 100vw, 1024px\" \/><\/p>\n<p style=\"text-align: justify;\">Funcion\u00e1rios do Banco do Brasil de todas as partes do pa\u00eds realizam hoje dia 22, um Dia Nacional de Luta em Defesa da Cassi, com protestos contra diversas medidas implementadas pela dire\u00e7\u00e3o do BB que prejudicam os associados.<\/p>\n<p style=\"text-align: justify;\">A data foi definida no 30\u00ba Congresso Nacional dos Funcion\u00e1rios do Banco do Brasil, realizado nos dias 1 e 2 de agosto, em S\u00e3o Paulo e faz parte de um calend\u00e1rio de lutas em defesa da Cassi e do Banco do Brasil como institui\u00e7\u00e3o p\u00fablica, capaz de promover o desenvolvimento do pa\u00eds.<\/p>\n<p style=\"text-align: justify;\">A diretoria do sindicato participou do protesto que aconteceu em S\u00e3o Paulo, em frente \u00e0 Torre Matarazzo, na Avenida Paulista, onde fica o escrit\u00f3rio da presid\u00eancia do banco e outras diretorias.<\/p>\n<p style=\"text-align: justify;\">A Cassi divulgou um comunicado no dia 14 de agosto, para esclarecer as propostas de mudan\u00e7a de custeio apresentadas pelo patrocinador Banco do Brasil. O texto basicamente defende os 4,5% como limite para o patrocinador, e ainda sinaliza que o banco n\u00e3o tem a inten\u00e7\u00e3o de colocar mais recursos, o que que pode culminar na liquida\u00e7\u00e3o da Cassi. O comunicado afirma ainda que, no caso de n\u00e3o existir mais a Caixa de Assist\u00eancia, os funcion\u00e1rios da ativa ou aposentados contar\u00e3o com esses mesmos 4,5% como parte patronal para custear a sua assist\u00eancia \u00e0 sa\u00fade.<\/p>\n<p style=\"text-align: justify;\">Para o dirigente do sindicato <em>Carlos de Souza,<\/em> a Cassi se encontra em um momento que requer seriedade e bom senso para tratar dos problemas que vem enfrentando. \u201cN\u00f3s funcion\u00e1rios precisamos estar unidos contra a perda de direitos.<\/p>\n<p style=\"text-align: justify;\">A Cassi \u00e9 uma conquista da categoria que deve ser defendida. Exigimos reabertura de negocia\u00e7\u00e3o j\u00e1, afirmou.<\/p>\n<p>Fonte: Contraf \/ Imprensa Seeb SJC<\/p>\n","protected":false},"excerpt":{"rendered":"<p class=\"excerpt\">Funcion\u00e1rios do Banco do Brasil de todas as partes do pa\u00eds realizam hoje dia 22, um Dia Nacional de Luta em Defesa da Cassi, com protestos contra diversas medidas implementadas pela dire\u00e7\u00e3o do BB que prejudicam os associados. A data foi definida no 30\u00ba Congresso Nacional dos Funcion\u00e1rios do Banco do Brasil, realizado nos dias [&hellip;]<\/p>\n","protected":false},"author":2,"featured_media":10526,"comment_status":"closed","ping_status":"closed","sticky":false,"template":"","format":"standard","meta":{"_et_pb_use_builder":"","_et_pb_old_content":"","_et_gb_content_width":"","footnotes":""},"categories":[155],"tags":[],"class_list":["post-10525","post","type-post","status-publish","format-standard","has-post-thumbnail","hentry","category-noticias-em-destaque"],"_links":{"self":[{"href":"https:\/\/sjcbancarios.com.br\/site\/wp-json\/wp\/v2\/posts\/10525","targetHints":{"allow":["GET"]}}],"collection":[{"href":"https:\/\/sjcbancarios.com.br\/site\/wp-json\/wp\/v2\/posts"}],"about":[{"href":"https:\/\/sjcbancarios.com.br\/site\/wp-json\/wp\/v2\/types\/post"}],"author":[{"embeddable":true,"href":"https:\/\/sjcbancarios.com.br\/site\/wp-json\/wp\/v2\/users\/2"}],"replies":[{"embeddable":true,"href":"https:\/\/sjcbancarios.com.br\/site\/wp-json\/wp\/v2\/comments?post=10525"}],"version-history":[{"count":0,"href":"https:\/\/sjcbancarios.com.br\/site\/wp-json\/wp\/v2\/posts\/10525\/revisions"}],"wp:featuredmedia":[{"embeddable":true,"href":"https:\/\/sjcbancarios.com.br\/site\/wp-json\/wp\/v2\/media\/10526"}],"wp:attachment":[{"href":"https:\/\/sjcbancarios.com.br\/site\/wp-json\/wp\/v2\/media?parent=10525"}],"wp:term":[{"taxonomy":"category","embeddable":true,"href":"https:\/\/sjcbancarios.com.br\/site\/wp-json\/wp\/v2\/categories?post=10525"},{"taxonomy":"post_tag","embeddable":true,"href":"https:\/\/sjcbancarios.com.br\/site\/wp-json\/wp\/v2\/tags?post=10525"}],"curies":[{"name":"wp","href":"https:\/\/api.w.org\/{rel}","templated":true}]}}