{"id":10502,"date":"2019-08-21T10:08:10","date_gmt":"2019-08-21T13:08:10","guid":{"rendered":"http:\/\/sjcbancarios.com.br\/site\/?p=10502"},"modified":"2019-08-21T10:08:10","modified_gmt":"2019-08-21T13:08:10","slug":"governo-anuncia-privatizacao-dos-correios-nesta-quarta","status":"publish","type":"post","link":"https:\/\/sjcbancarios.com.br\/site\/noticias\/governo-anuncia-privatizacao-dos-correios-nesta-quarta\/","title":{"rendered":"Governo anuncia privatiza\u00e7\u00e3o dos Correios nesta quarta"},"content":{"rendered":"<p style=\"text-align: justify;\">A Empresa Brasileira de Correios e Tel\u00e9grafos est\u00e1 na lista das 17 estatais que ser\u00e3o privatizadas ainda este ano. O an\u00fancio ser\u00e1 feito nesta quarta-feira (21), segundo informou o ministro da Economia, Paulo Guedes, nesta ter\u00e7a-feira (20).<\/p>\n<p style=\"text-align: justify;\">Nas justificativas para a privatiza\u00e7\u00e3o dos Correios, o Minist\u00e9rio da Economia aponta corrup\u00e7\u00e3o, interfer\u00eancias pol\u00edticas na gest\u00e3o da empresa, inefici\u00eancia, greves constantes e perda de mercado para empresas privadas na entrega de mercadorias vendidas pela internet, o e-commerce.<\/p>\n<p style=\"text-align: justify;\">Como exemplos de inefici\u00eancia, o estudo aponta o \u201celevado \u00edndice de extravio\u201d, e morosidade no ressarcimento dos produtos extraviados.<\/p>\n<p style=\"text-align: justify;\">Nos estudos para a venda da estatal, o Minist\u00e9rio da Economia aponta o rombo de R$ 11 bilh\u00f5es no fundo de pens\u00e3o dos funcion\u00e1rios, o Postalis. Al\u00e9m disso, o Postal Sa\u00fade, o plano que atende aos funcion\u00e1rios, tem um rombo de R$ 3,9 bilh\u00f5es.<\/p>\n<p style=\"text-align: justify;\">O estudo diz que os Correios s\u00e3o uma \u201cvaca indo para o brejo\u201d, envolvendo risco fiscal de R$ 21 bilh\u00f5es\u201d (veja no v\u00eddeo abaixo).<\/p>\n<p style=\"text-align: justify;\">Em junho deste ano, o Supremo Tribunal Federal (STF) decidiu que o governo federal n\u00e3o pode vender estatais sem aval do Congresso e sem licita\u00e7\u00e3o quando a transa\u00e7\u00e3o implicar perda de controle acion\u00e1rio.<\/p>\n<p style=\"text-align: justify;\">Fonte: G1 \/ CONTEC<\/p>\n","protected":false},"excerpt":{"rendered":"<p class=\"excerpt\">A Empresa Brasileira de Correios e Tel\u00e9grafos est\u00e1 na lista das 17 estatais que ser\u00e3o privatizadas ainda este ano. O an\u00fancio ser\u00e1 feito nesta quarta-feira (21), segundo informou o ministro da Economia, Paulo Guedes, nesta ter\u00e7a-feira (20). Nas justificativas para a privatiza\u00e7\u00e3o dos Correios, o Minist\u00e9rio da Economia aponta corrup\u00e7\u00e3o, interfer\u00eancias pol\u00edticas na gest\u00e3o da [&hellip;]<\/p>\n","protected":false},"author":2,"featured_media":10503,"comment_status":"closed","ping_status":"closed","sticky":false,"template":"","format":"standard","meta":{"_et_pb_use_builder":"","_et_pb_old_content":"","_et_gb_content_width":"","footnotes":""},"categories":[13],"tags":[],"class_list":["post-10502","post","type-post","status-publish","format-standard","has-post-thumbnail","hentry","category-noticias"],"_links":{"self":[{"href":"https:\/\/sjcbancarios.com.br\/site\/wp-json\/wp\/v2\/posts\/10502","targetHints":{"allow":["GET"]}}],"collection":[{"href":"https:\/\/sjcbancarios.com.br\/site\/wp-json\/wp\/v2\/posts"}],"about":[{"href":"https:\/\/sjcbancarios.com.br\/site\/wp-json\/wp\/v2\/types\/post"}],"author":[{"embeddable":true,"href":"https:\/\/sjcbancarios.com.br\/site\/wp-json\/wp\/v2\/users\/2"}],"replies":[{"embeddable":true,"href":"https:\/\/sjcbancarios.com.br\/site\/wp-json\/wp\/v2\/comments?post=10502"}],"version-history":[{"count":0,"href":"https:\/\/sjcbancarios.com.br\/site\/wp-json\/wp\/v2\/posts\/10502\/revisions"}],"wp:featuredmedia":[{"embeddable":true,"href":"https:\/\/sjcbancarios.com.br\/site\/wp-json\/wp\/v2\/media\/10503"}],"wp:attachment":[{"href":"https:\/\/sjcbancarios.com.br\/site\/wp-json\/wp\/v2\/media?parent=10502"}],"wp:term":[{"taxonomy":"category","embeddable":true,"href":"https:\/\/sjcbancarios.com.br\/site\/wp-json\/wp\/v2\/categories?post=10502"},{"taxonomy":"post_tag","embeddable":true,"href":"https:\/\/sjcbancarios.com.br\/site\/wp-json\/wp\/v2\/tags?post=10502"}],"curies":[{"name":"wp","href":"https:\/\/api.w.org\/{rel}","templated":true}]}}