{"id":10492,"date":"2019-08-20T12:10:58","date_gmt":"2019-08-20T15:10:58","guid":{"rendered":"http:\/\/sjcbancarios.com.br\/site\/?p=10492"},"modified":"2019-08-20T12:13:22","modified_gmt":"2019-08-20T15:13:22","slug":"baixa-adesao-ao-plano-de-desligamento-do-banco-do-brasil","status":"publish","type":"post","link":"https:\/\/sjcbancarios.com.br\/site\/noticias\/baixa-adesao-ao-plano-de-desligamento-do-banco-do-brasil\/","title":{"rendered":"Baixa ades\u00e3o ao plano de desligamento do Banco do Brasil"},"content":{"rendered":"<p style=\"text-align: justify;\"><strong>Somente 2.367 funcion\u00e1rios aderiram<\/strong><\/p>\n<p style=\"text-align: justify;\">O Banco do Brasil vai desligar 2.367 funcion\u00e1rios no \u00e2mbito do seu Programa de Adequa\u00e7\u00e3o de Quadros (PAQ). O n\u00famero ficou em linha com simula\u00e7\u00e3o feita pelo BB e antecipado pela Coluna do Broadcast em 29 de julho. Com os desligamentos, o quadro do banco baixa para 93.681 empregados, considerando a quantidade de funcion\u00e1rios registrada ao fim de junho. J\u00e1 o n\u00famero de cortes de pessoal este ano salta para mais de 3 mil em um momento que os grandes bancos de varejo buscar maior efici\u00eancia em meio \u00e0 concorr\u00eancia frequente com fintechs e outros competidores.<\/p>\n<p style=\"text-align: justify;\"><strong>S\u00f3 que n\u00e3o<\/strong><br \/>\nNo total, o BB recebeu 4,8 mil pedidos de funcion\u00e1rios interessados em deixarem a casa at\u00e9 a \u00faltima quarta-feira, dia 14, \u00faltimo dia do programa. No entanto, a sa\u00edda estava condicionada a colaboradores em condi\u00e7\u00e3o classificada como \u201cexcesso\u201d de pessoal ou quando houvesse excesso de interessados na vaga. Essa escolha, inclusive, foi feita de forma autom\u00e1tica.<\/p>\n<p style=\"text-align: justify;\"><strong>Or\u00e7amento<\/strong><br \/>\nAo longo dessa semana, o programa do BB continua com movimenta\u00e7\u00f5es laterais para regularizar excessos e vagas. De imediato, o BB espera gastar R$ 300 milh\u00f5es com o programa, que inclui a reestrutura\u00e7\u00e3o de ag\u00eancias banc\u00e1rias e postos de atendimento. A partir do ano que vem, a expectativa do banco \u00e9 economia anual de R$ 500 milh\u00f5es gerada pelo programa. Procurado, o BB n\u00e3o comentou.<\/p>\n<p style=\"text-align: justify;\">Fonte: Estad\u00e3o \/ CONTEC<\/p>\n","protected":false},"excerpt":{"rendered":"<p class=\"excerpt\">Somente 2.367 funcion\u00e1rios aderiram O Banco do Brasil vai desligar 2.367 funcion\u00e1rios no \u00e2mbito do seu Programa de Adequa\u00e7\u00e3o de Quadros (PAQ). O n\u00famero ficou em linha com simula\u00e7\u00e3o feita pelo BB e antecipado pela Coluna do Broadcast em 29 de julho. Com os desligamentos, o quadro do banco baixa para 93.681 empregados, considerando a [&hellip;]<\/p>\n","protected":false},"author":2,"featured_media":10493,"comment_status":"closed","ping_status":"closed","sticky":false,"template":"","format":"standard","meta":{"_et_pb_use_builder":"","_et_pb_old_content":"","_et_gb_content_width":"","footnotes":""},"categories":[13],"tags":[],"class_list":["post-10492","post","type-post","status-publish","format-standard","has-post-thumbnail","hentry","category-noticias"],"_links":{"self":[{"href":"https:\/\/sjcbancarios.com.br\/site\/wp-json\/wp\/v2\/posts\/10492","targetHints":{"allow":["GET"]}}],"collection":[{"href":"https:\/\/sjcbancarios.com.br\/site\/wp-json\/wp\/v2\/posts"}],"about":[{"href":"https:\/\/sjcbancarios.com.br\/site\/wp-json\/wp\/v2\/types\/post"}],"author":[{"embeddable":true,"href":"https:\/\/sjcbancarios.com.br\/site\/wp-json\/wp\/v2\/users\/2"}],"replies":[{"embeddable":true,"href":"https:\/\/sjcbancarios.com.br\/site\/wp-json\/wp\/v2\/comments?post=10492"}],"version-history":[{"count":0,"href":"https:\/\/sjcbancarios.com.br\/site\/wp-json\/wp\/v2\/posts\/10492\/revisions"}],"wp:featuredmedia":[{"embeddable":true,"href":"https:\/\/sjcbancarios.com.br\/site\/wp-json\/wp\/v2\/media\/10493"}],"wp:attachment":[{"href":"https:\/\/sjcbancarios.com.br\/site\/wp-json\/wp\/v2\/media?parent=10492"}],"wp:term":[{"taxonomy":"category","embeddable":true,"href":"https:\/\/sjcbancarios.com.br\/site\/wp-json\/wp\/v2\/categories?post=10492"},{"taxonomy":"post_tag","embeddable":true,"href":"https:\/\/sjcbancarios.com.br\/site\/wp-json\/wp\/v2\/tags?post=10492"}],"curies":[{"name":"wp","href":"https:\/\/api.w.org\/{rel}","templated":true}]}}