{"id":10459,"date":"2019-08-15T12:18:20","date_gmt":"2019-08-15T15:18:20","guid":{"rendered":"http:\/\/sjcbancarios.com.br\/site\/?p=10459"},"modified":"2019-08-15T12:18:20","modified_gmt":"2019-08-15T15:18:20","slug":"tst-suspende-acoes-do-mpt-contra-acordos-que-impoem-negociado-sobre-legislado","status":"publish","type":"post","link":"https:\/\/sjcbancarios.com.br\/site\/noticias\/tst-suspende-acoes-do-mpt-contra-acordos-que-impoem-negociado-sobre-legislado\/","title":{"rendered":"TST suspende a\u00e7\u00f5es do MPT contra acordos que imp\u00f5em negociado sobre legislado"},"content":{"rendered":"<p style=\"text-align: justify;\">TST suspende processos sobre validade de norma coletiva que restringe direitos.<\/p>\n<p style=\"text-align: justify;\">A Se\u00e7\u00e3o de Diss\u00eddios Coletivos do Tribunal Superior do Trabalho sobrestou as a\u00e7\u00f5es anulat\u00f3rias de acordos coletivos propostas pelo Minist\u00e9rio P\u00fablico do Trabalho. A decis\u00e3o, desta segunda-feira (12\/8), atende a outra decis\u00e3o, do ministro Gilmar Mendes, de suspender o andamento dos processos que tratem de acordos coletivos que restrinjam direitos \u2014 ou seja, que permitem o \u201cnegociado sobre o legislado\u201d, previs\u00e3o da reforma trabalhista de 2017.<\/p>\n<p style=\"text-align: justify;\">O TST j\u00e1 havia suspendido o andamento das a\u00e7\u00f5es individuais que questionam acordos coletivos restritivos de direitos n\u00e3o previstos na Constitui\u00e7\u00e3o. Nesta segunda, a SDC estendeu o sobrestamento \u00e0s a\u00e7\u00f5es anulat\u00f3rias propostas pelo MPT, que n\u00e3o discutem apenas o direito de um trabalhador, mas discutem a legalidade do acordo em si.<\/p>\n<p style=\"text-align: justify;\">A decis\u00e3o do ministro Gilmar foi tomada em junho num recurso com repercuss\u00e3o geral reconhecida sobre a constitucionalidade do n\u00e3o pagamento das horas de deslocamento de casa ao trabalho (horas in itinere). A decis\u00e3o foi proferida no ARE 1.121.633.<\/p>\n<p style=\"text-align: justify;\">Em abril, no julgamento do Plen\u00e1rio Virtual que reconheceu a repercuss\u00e3o geral, o ministro Gilmar Mendes sugeriu uma tese, mas foi rejeitada. \u201cOs acordos e conven\u00e7\u00f5es coletivos devem ser observados, ainda que afastem ou restrinjam direitos trabalhistas, independentemente da explicita\u00e7\u00e3o de vantagens compensat\u00f3rias ao direito flexibilizado na negocia\u00e7\u00e3o coletiva, resguardados, em qualquer caso, os direitos absolutamente indispon\u00edveis, constitucionalmente assegurados\u201d, diz a tese.<\/p>\n<p style=\"text-align: justify;\">RO 66-40.2017.5.08.0000<br \/>\nRO 378-16.2017.5.08.0000<br \/>\nRO 458-43.2018.5.08.0000<\/p>\n<p style=\"text-align: justify;\">Fonte: Conjur \/ CONTEC<\/p>\n","protected":false},"excerpt":{"rendered":"<p class=\"excerpt\">TST suspende processos sobre validade de norma coletiva que restringe direitos. A Se\u00e7\u00e3o de Diss\u00eddios Coletivos do Tribunal Superior do Trabalho sobrestou as a\u00e7\u00f5es anulat\u00f3rias de acordos coletivos propostas pelo Minist\u00e9rio P\u00fablico do Trabalho. A decis\u00e3o, desta segunda-feira (12\/8), atende a outra decis\u00e3o, do ministro Gilmar Mendes, de suspender o andamento dos processos que tratem [&hellip;]<\/p>\n","protected":false},"author":2,"featured_media":10460,"comment_status":"closed","ping_status":"closed","sticky":false,"template":"","format":"standard","meta":{"_et_pb_use_builder":"","_et_pb_old_content":"","_et_gb_content_width":"","footnotes":""},"categories":[13],"tags":[],"class_list":["post-10459","post","type-post","status-publish","format-standard","has-post-thumbnail","hentry","category-noticias"],"_links":{"self":[{"href":"https:\/\/sjcbancarios.com.br\/site\/wp-json\/wp\/v2\/posts\/10459","targetHints":{"allow":["GET"]}}],"collection":[{"href":"https:\/\/sjcbancarios.com.br\/site\/wp-json\/wp\/v2\/posts"}],"about":[{"href":"https:\/\/sjcbancarios.com.br\/site\/wp-json\/wp\/v2\/types\/post"}],"author":[{"embeddable":true,"href":"https:\/\/sjcbancarios.com.br\/site\/wp-json\/wp\/v2\/users\/2"}],"replies":[{"embeddable":true,"href":"https:\/\/sjcbancarios.com.br\/site\/wp-json\/wp\/v2\/comments?post=10459"}],"version-history":[{"count":0,"href":"https:\/\/sjcbancarios.com.br\/site\/wp-json\/wp\/v2\/posts\/10459\/revisions"}],"wp:featuredmedia":[{"embeddable":true,"href":"https:\/\/sjcbancarios.com.br\/site\/wp-json\/wp\/v2\/media\/10460"}],"wp:attachment":[{"href":"https:\/\/sjcbancarios.com.br\/site\/wp-json\/wp\/v2\/media?parent=10459"}],"wp:term":[{"taxonomy":"category","embeddable":true,"href":"https:\/\/sjcbancarios.com.br\/site\/wp-json\/wp\/v2\/categories?post=10459"},{"taxonomy":"post_tag","embeddable":true,"href":"https:\/\/sjcbancarios.com.br\/site\/wp-json\/wp\/v2\/tags?post=10459"}],"curies":[{"name":"wp","href":"https:\/\/api.w.org\/{rel}","templated":true}]}}