{"id":10454,"date":"2019-08-15T11:50:31","date_gmt":"2019-08-15T14:50:31","guid":{"rendered":"http:\/\/sjcbancarios.com.br\/site\/?p=10454"},"modified":"2019-08-15T11:53:01","modified_gmt":"2019-08-15T14:53:01","slug":"sindicato-participa-do-xlvii-encontro-nacional-de-dirigentes-sindicais-bancarios-e-securitarios","status":"publish","type":"post","link":"https:\/\/sjcbancarios.com.br\/site\/noticias-em-destaque\/sindicato-participa-do-xlvii-encontro-nacional-de-dirigentes-sindicais-bancarios-e-securitarios\/","title":{"rendered":"Diretoria do Sindicato participa do XLVII Encontro Nacional de Dirigentes Sindicais Banc\u00e1rios e Securit\u00e1rios"},"content":{"rendered":"<p style=\"text-align: justify;\">Reunidos no XLVII Encontro Nacional de Dirigentes Sindicais Banc\u00e1rios e Securit\u00e1rios, trabalhadores de todo o pa\u00eds debatem hoje e amanh\u00e3 (dias 14 e 15), estrat\u00e9gias de lutas para se opor \u00e0 retirada de direitos imposta pelo governo, bem como a defesa dos bancos p\u00fablicos e dos empregos.<\/p>\n<p style=\"text-align: justify;\">&#8220;Manter a unidade e a mobiliza\u00e7\u00e3o nacional em defesa dos direitos dos banc\u00e1rios, deve ser uma resist\u00eancia permanente&#8221;, afirma o Geraldo Soares dos Santos, presidente do Sindicato.<\/p>\n<p>Por D\u00e9bora Machado<br \/>\n<img loading=\"lazy\" decoding=\"async\" class=\"wp-image-10456 alignnone\" src=\"http:\/\/sjcbancarios.com.br\/site\/wp-content\/uploads\/2019\/08\/WhatsApp-Image-2019-08-14-at-15.48.52-1024x902.jpeg\" alt=\"\" width=\"500\" height=\"440\" srcset=\"https:\/\/sjcbancarios.com.br\/site\/wp-content\/uploads\/2019\/08\/WhatsApp-Image-2019-08-14-at-15.48.52.jpeg 1024w, https:\/\/sjcbancarios.com.br\/site\/wp-content\/uploads\/2019\/08\/WhatsApp-Image-2019-08-14-at-15.48.52-341x300.jpeg 341w, https:\/\/sjcbancarios.com.br\/site\/wp-content\/uploads\/2019\/08\/WhatsApp-Image-2019-08-14-at-15.48.52-768x677.jpeg 768w, https:\/\/sjcbancarios.com.br\/site\/wp-content\/uploads\/2019\/08\/WhatsApp-Image-2019-08-14-at-15.48.52-24x21.jpeg 24w, https:\/\/sjcbancarios.com.br\/site\/wp-content\/uploads\/2019\/08\/WhatsApp-Image-2019-08-14-at-15.48.52-36x32.jpeg 36w, https:\/\/sjcbancarios.com.br\/site\/wp-content\/uploads\/2019\/08\/WhatsApp-Image-2019-08-14-at-15.48.52-48x42.jpeg 48w\" sizes=\"(max-width: 500px) 100vw, 500px\" \/><\/p>\n<p><img loading=\"lazy\" decoding=\"async\" class=\"alignnone wp-image-10455\" src=\"http:\/\/sjcbancarios.com.br\/site\/wp-content\/uploads\/2019\/08\/WhatsApp-Image-2019-08-14-at-15.48.521-400x300.jpeg\" alt=\"\" width=\"500\" height=\"375\" srcset=\"https:\/\/sjcbancarios.com.br\/site\/wp-content\/uploads\/2019\/08\/WhatsApp-Image-2019-08-14-at-15.48.521-400x300.jpeg 400w, https:\/\/sjcbancarios.com.br\/site\/wp-content\/uploads\/2019\/08\/WhatsApp-Image-2019-08-14-at-15.48.521-24x18.jpeg 24w, https:\/\/sjcbancarios.com.br\/site\/wp-content\/uploads\/2019\/08\/WhatsApp-Image-2019-08-14-at-15.48.521-36x27.jpeg 36w, https:\/\/sjcbancarios.com.br\/site\/wp-content\/uploads\/2019\/08\/WhatsApp-Image-2019-08-14-at-15.48.521-48x36.jpeg 48w, https:\/\/sjcbancarios.com.br\/site\/wp-content\/uploads\/2019\/08\/WhatsApp-Image-2019-08-14-at-15.48.521.jpeg 657w\" sizes=\"(max-width: 500px) 100vw, 500px\" \/><\/p>\n<p>&nbsp;<\/p>\n<p>&nbsp;<\/p>\n<p>&nbsp;<\/p>\n","protected":false},"excerpt":{"rendered":"<p class=\"excerpt\">Reunidos no XLVII Encontro Nacional de Dirigentes Sindicais Banc\u00e1rios e Securit\u00e1rios, trabalhadores de todo o pa\u00eds debatem hoje e amanh\u00e3 (dias 14 e 15), estrat\u00e9gias de lutas para se opor \u00e0 retirada de direitos imposta pelo governo, bem como a defesa dos bancos p\u00fablicos e dos empregos. &#8220;Manter a unidade e a mobiliza\u00e7\u00e3o nacional em [&hellip;]<\/p>\n","protected":false},"author":2,"featured_media":10456,"comment_status":"closed","ping_status":"closed","sticky":false,"template":"","format":"standard","meta":{"_et_pb_use_builder":"","_et_pb_old_content":"","_et_gb_content_width":"","footnotes":""},"categories":[155],"tags":[],"class_list":["post-10454","post","type-post","status-publish","format-standard","has-post-thumbnail","hentry","category-noticias-em-destaque"],"_links":{"self":[{"href":"https:\/\/sjcbancarios.com.br\/site\/wp-json\/wp\/v2\/posts\/10454","targetHints":{"allow":["GET"]}}],"collection":[{"href":"https:\/\/sjcbancarios.com.br\/site\/wp-json\/wp\/v2\/posts"}],"about":[{"href":"https:\/\/sjcbancarios.com.br\/site\/wp-json\/wp\/v2\/types\/post"}],"author":[{"embeddable":true,"href":"https:\/\/sjcbancarios.com.br\/site\/wp-json\/wp\/v2\/users\/2"}],"replies":[{"embeddable":true,"href":"https:\/\/sjcbancarios.com.br\/site\/wp-json\/wp\/v2\/comments?post=10454"}],"version-history":[{"count":0,"href":"https:\/\/sjcbancarios.com.br\/site\/wp-json\/wp\/v2\/posts\/10454\/revisions"}],"wp:featuredmedia":[{"embeddable":true,"href":"https:\/\/sjcbancarios.com.br\/site\/wp-json\/wp\/v2\/media\/10456"}],"wp:attachment":[{"href":"https:\/\/sjcbancarios.com.br\/site\/wp-json\/wp\/v2\/media?parent=10454"}],"wp:term":[{"taxonomy":"category","embeddable":true,"href":"https:\/\/sjcbancarios.com.br\/site\/wp-json\/wp\/v2\/categories?post=10454"},{"taxonomy":"post_tag","embeddable":true,"href":"https:\/\/sjcbancarios.com.br\/site\/wp-json\/wp\/v2\/tags?post=10454"}],"curies":[{"name":"wp","href":"https:\/\/api.w.org\/{rel}","templated":true}]}}