{"id":10443,"date":"2019-08-13T11:45:44","date_gmt":"2019-08-13T14:45:44","guid":{"rendered":"http:\/\/sjcbancarios.com.br\/site\/?p=10443"},"modified":"2019-08-13T11:45:44","modified_gmt":"2019-08-13T14:45:44","slug":"itau-unibanco-caixa-e-banco-do-brasil-abrem-plano-de-demissao-voluntaria-furnas-deve-ser-a-proxima","status":"publish","type":"post","link":"https:\/\/sjcbancarios.com.br\/site\/noticias\/itau-unibanco-caixa-e-banco-do-brasil-abrem-plano-de-demissao-voluntaria-furnas-deve-ser-a-proxima\/","title":{"rendered":"Ita\u00fa Unibanco, Caixa e Banco do Brasil abrem plano de demiss\u00e3o volunt\u00e1ria. Furnas deve ser a pr\u00f3xima"},"content":{"rendered":"<p style=\"text-align: justify;\">Empresas estatais e privadas querem enxugar e readequar o quadro de funcion\u00e1rios por todo o pa\u00eds<\/p>\n<p style=\"text-align: justify;\">O Plano de Demiss\u00e3o Volunt\u00e1ria \u00e9 uma forma de reduzir o quadro de funcion\u00e1rios, podendo ser motivado por diversos fatores, como fus\u00e3o entre empresas, reestrutura\u00e7\u00e3o, renova\u00e7\u00e3o do quadro de funcion\u00e1rios, mudan\u00e7a de local da sede e filiais da empresa e crise econ\u00f4mica.<\/p>\n<p style=\"text-align: justify;\">O Ita\u00fa Unibanco , por exemplo, afirma ter tomado a decis\u00e3o para adequar suas estruturas ao processo de digitaliza\u00e7\u00e3o e do setor em geral. Entre os crit\u00e9rios de elegibilidade do programa do banco est\u00e1 ter algum tipo de estabilidade ou idade acima de 55 anos.<\/p>\n<p style=\"text-align: justify;\">N\u00e3o h\u00e1 um n\u00famero determinado para as dispensas e as \u00e1reas tamb\u00e9m n\u00e3o foram especificadas, mas espera-se a ades\u00e3o de 6.900 dos 98.400 funcion\u00e1rios.<\/p>\n<p style=\"text-align: justify;\">A reestrutura\u00e7\u00e3o do Banco do Brasil tamb\u00e9m \u00e9 motivada, principalmente, pela digitaliza\u00e7\u00e3o de processos \u2014 hoje, 80% das transa\u00e7\u00f5es s\u00e3o via online. O banco, entretanto, anunciou um Programa de Adequa\u00e7\u00e3o de Quadro (PAQ) para setores com excesso de pessoal. Nele, os funcion\u00e1rios tamb\u00e9m ter\u00e3o a possibilidade de movimentar-se, com prioridade, para vagas existentes em outras unidades.<\/p>\n<p style=\"text-align: justify;\">O BB explica que, al\u00e9m dos direitos previstos pela legisla\u00e7\u00e3o, haver\u00e1 uma indeniza\u00e7\u00e3o vinculada ao tempo de trabalho, de at\u00e9 9,8 sal\u00e1rios, e a institui\u00e7\u00e3o ressarcir\u00e1 o plano de sa\u00fade dos funcion\u00e1rios por um ano.<\/p>\n<p style=\"text-align: justify;\">Na Caixa, o PDV teve ades\u00e3o de 3.500 empregados . A estimativa \u00e9 que o programa gere economia anual de R$ 716,1 milh\u00f5es com o payback em 16 meses. A Caixa, no entanto, vai adiar o desligamento de dois mil funcion\u00e1ros que aderiram ao programa para cumprir o calend\u00e1rio dos saques das contas do FGTS e das quotas do PIS.<\/p>\n<p style=\"text-align: justify;\">Os funcion\u00e1rios que aderirem ao programa receber\u00e3o indeniza\u00e7\u00e3o de 9,7 remunera\u00e7\u00f5es-base, limitado a R$ 480 mil, considerando como refer\u00eancia a data de 31 de dezembro de 2018.<\/p>\n<p style=\"text-align: justify;\">Furnas tamb\u00e9m ter\u00e1 mudan\u00e7as. Hoje, com cerca de 4 mil funcion\u00e1rios, o n\u00famero deve ser reduzido para 2.751, conforme orienta\u00e7\u00e3o da Secretaria de Coordena\u00e7\u00e3o e Governan\u00e7a das Empresas Estatais (SEST). De acordo com a subsidi\u00e1ria, \u201co Plano de Demiss\u00e3o Consensual (PDC) \u00e9 um processo conduzido pela Eletrobras, que estuda o lan\u00e7amento de nova edi\u00e7\u00e3o do PDC ainda este ano\u201d. Fonte: O Globo<\/p>\n<p style=\"text-align: justify;\">Fonte:\u00a0 CONTEC<\/p>\n","protected":false},"excerpt":{"rendered":"<p class=\"excerpt\">Empresas estatais e privadas querem enxugar e readequar o quadro de funcion\u00e1rios por todo o pa\u00eds O Plano de Demiss\u00e3o Volunt\u00e1ria \u00e9 uma forma de reduzir o quadro de funcion\u00e1rios, podendo ser motivado por diversos fatores, como fus\u00e3o entre empresas, reestrutura\u00e7\u00e3o, renova\u00e7\u00e3o do quadro de funcion\u00e1rios, mudan\u00e7a de local da sede e filiais da empresa [&hellip;]<\/p>\n","protected":false},"author":2,"featured_media":10444,"comment_status":"closed","ping_status":"closed","sticky":false,"template":"","format":"standard","meta":{"_et_pb_use_builder":"","_et_pb_old_content":"","_et_gb_content_width":"","footnotes":""},"categories":[13],"tags":[],"class_list":["post-10443","post","type-post","status-publish","format-standard","has-post-thumbnail","hentry","category-noticias"],"_links":{"self":[{"href":"https:\/\/sjcbancarios.com.br\/site\/wp-json\/wp\/v2\/posts\/10443","targetHints":{"allow":["GET"]}}],"collection":[{"href":"https:\/\/sjcbancarios.com.br\/site\/wp-json\/wp\/v2\/posts"}],"about":[{"href":"https:\/\/sjcbancarios.com.br\/site\/wp-json\/wp\/v2\/types\/post"}],"author":[{"embeddable":true,"href":"https:\/\/sjcbancarios.com.br\/site\/wp-json\/wp\/v2\/users\/2"}],"replies":[{"embeddable":true,"href":"https:\/\/sjcbancarios.com.br\/site\/wp-json\/wp\/v2\/comments?post=10443"}],"version-history":[{"count":0,"href":"https:\/\/sjcbancarios.com.br\/site\/wp-json\/wp\/v2\/posts\/10443\/revisions"}],"wp:featuredmedia":[{"embeddable":true,"href":"https:\/\/sjcbancarios.com.br\/site\/wp-json\/wp\/v2\/media\/10444"}],"wp:attachment":[{"href":"https:\/\/sjcbancarios.com.br\/site\/wp-json\/wp\/v2\/media?parent=10443"}],"wp:term":[{"taxonomy":"category","embeddable":true,"href":"https:\/\/sjcbancarios.com.br\/site\/wp-json\/wp\/v2\/categories?post=10443"},{"taxonomy":"post_tag","embeddable":true,"href":"https:\/\/sjcbancarios.com.br\/site\/wp-json\/wp\/v2\/tags?post=10443"}],"curies":[{"name":"wp","href":"https:\/\/api.w.org\/{rel}","templated":true}]}}