{"id":10344,"date":"2019-08-01T13:53:48","date_gmt":"2019-08-01T16:53:48","guid":{"rendered":"http:\/\/sjcbancarios.com.br\/site\/?p=10344"},"modified":"2019-08-01T13:53:48","modified_gmt":"2019-08-01T16:53:48","slug":"cabesp-exigimos-a-manutencao-do-direito-de-livre-escolha","status":"publish","type":"post","link":"https:\/\/sjcbancarios.com.br\/site\/noticias\/cabesp-exigimos-a-manutencao-do-direito-de-livre-escolha\/","title":{"rendered":"Cabesp: Exigimos a manuten\u00e7\u00e3o do direito de livre escolha"},"content":{"rendered":"<p style=\"text-align: justify;\">Em reuni\u00e3o ocorrida na segunda-feira, dia 29 de julho, na sede da Cabesp, as entidades de representa\u00e7\u00e3o dos associados deixaram claro para a presidente da Caixa Beneficente, Maria Lucia Ettore, que n\u00e3o aceitam o conv\u00eanio de exclusividade que pretendem firmar com a Dasa, empresa de medicina de diagn\u00f3stica (que engloba Delboni Auriemo, Lavoisier e Salom\u00e3o Zoppi, entre outros).<\/p>\n<p style=\"text-align: justify;\">A justificativa principal para a rejei\u00e7\u00e3o \u00e9 que a iniciativa afronta a cl\u00e1usula 2, par\u00e1grafo 1\u00ba do Estatuto da Cabesp, que diz: \u201cA assist\u00eancia m\u00e9dica e hospitalar ser\u00e1 prestada por sistema de livre escolha e por meio de atendimento direto ou cobertura de despesas com consultas, exames subsidi\u00e1rios, tratamentos, interna\u00e7\u00f5es cl\u00ednicas e cir\u00fargicas e profilaxia em geral, na forma do presente Estatuto, e com a exclus\u00e3o de tratamento ou cirurgia pl\u00e1stica est\u00e9tica e procedimentos n\u00e3o consagrados pelos \u00f3rg\u00e3os oficiais dos profissionais de sa\u00fade.\u201d<\/p>\n<p style=\"text-align: justify;\">Participaram da reuni\u00e3o, que teve quase 5 horas de dura\u00e7\u00e3o, Camilo Fernandes e Wagner Cabanal, representando a Afubesp, Vera Marchioni e Maria Rosani, representando o Sindicato dos Banc\u00e1rios de S\u00e3o Paulo, Stela pela Feeb SP\/MS, al\u00e9m dos dirigentes da Afabesp, Eros Almeida e Get\u00falio Coelho, e da Abesprev, Djalma e Marco Aur\u00e9lio.<\/p>\n<p style=\"text-align: justify;\">J\u00e1 de antem\u00e3o a representa\u00e7\u00e3o esclareceu que a forma de condu\u00e7\u00e3o do assunto foi equivocada. Antes de negociar com qualquer fornecedor, a representa\u00e7\u00e3o deveria ter sido chamada para explicar as inten\u00e7\u00f5es deste tipo de parceria, da mesma forma como ocorreu com o processo da reforma estatut\u00e1ria.<\/p>\n<p style=\"text-align: justify;\">Importante destacar que o contrato n\u00e3o foi assinado at\u00e9 agora, e a decis\u00e3o sobre o assunto foi adiada por 30 dias. A continuidade da negocia\u00e7\u00e3o sobre o tema ficou agendada para dia 7 de agosto, \u00e0s 14h30.<\/p>\n<p style=\"text-align: justify;\">Ao final da reuni\u00e3o, os representantes dos associados disseram \u00e0 presidente da Cabesp a import\u00e2ncia da realiza\u00e7\u00e3o de um encontro ampliado com a presen\u00e7a dela e de um grupo grande de associados para que possam debater, de forma mais ampla, esse e os outros assuntos que est\u00e3o trazendo s\u00e9rios problemas para a comunidade banespiana \u2013 caso das mudan\u00e7as nas autoriza\u00e7\u00f5es das terapias, por exemplo.<\/p>\n<p style=\"text-align: justify;\">A presidente da Caixa se mostrou receptiva a essa ideia, ficando para a pr\u00f3xima reuni\u00e3o, a defini\u00e7\u00e3o de como e quando ocorreria o encontro.<\/p>\n<p style=\"text-align: justify;\"><strong>Mais sobre o conv\u00eanio de exclusividade<\/strong><br \/>\nDurante a reuni\u00e3o, executivos da rede Dasa apresentaram, em linhas gerais, como seria essa parceria, que atinge em especial os banespianos residentes no Estado de S\u00e3o Paulo, principalmente na capital. S\u00e3o 35 cidades abrangidas pela empresa, para os demais associados nada mudaria.<\/p>\n<p style=\"text-align: justify;\">Segundo a presidente da Cabesp, a ideia com essa contrata\u00e7\u00e3o seria evitar fraudes, abusos na utiliza\u00e7\u00e3o do plano e reduzir custos (com exames \u00e0s vezes desnecess\u00e1rios feitos em pronto socorro, que tem valor at\u00e9 tr\u00eas vezes maior).<\/p>\n<p style=\"text-align: justify;\">Foi explicado que, em caso de interna\u00e7\u00e3o em hospitais que tem laborat\u00f3rios fora deste rol (caso do Incor, por exemplo), os banespianos poderiam usar normalmente. Mas aqueles que fazem tratamento cont\u00ednuo nesses locais teriam que fazer exames em algum dos laborat\u00f3rios da Dasa.<\/p>\n<p style=\"text-align: justify;\">Segundo a presidente da Cabesp, mais de 70% dos associados j\u00e1 utilizam essa rede para fazer exames e haver\u00e1 redu\u00e7\u00e3o de custos no valor cobrado com a parceria. No entanto, a representa\u00e7\u00e3o deixou claro que o restante n\u00e3o pode ser obrigado a trocar os locais em que est\u00e3o acostumados com os servi\u00e7os, pois isso seria cercear o direito dos associados.<\/p>\n<p style=\"text-align: justify;\">A contraproposta da representa\u00e7\u00e3o foi celebrar um conv\u00eanio de prefer\u00eancia com a Dasa, ou seja, aqueles que pedirem sugest\u00e3o para a Cabesp na indica\u00e7\u00e3o de laborat\u00f3rios ou cl\u00ednicas receberiam como resposta as op\u00e7\u00f5es que a empresa oferece.<\/p>\n<p style=\"text-align: justify;\"><strong>Outros assuntos<br \/>\n<\/strong>A reuni\u00e3o tamb\u00e9m tratou de outros temas importantes para os associados. O novo processo de solicita\u00e7\u00e3o e autoriza\u00e7\u00e3o das sess\u00f5es de terapias \u00e9 um deles. Maria Lucia Ettore voltou a afirmar que nenhum associado deixar\u00e1 de fazer as terapias que forem necess\u00e1rias e estiverem dentro das regras da Cabesp e da legisla\u00e7\u00e3o.<\/p>\n<p style=\"text-align: justify;\">Na oportunidade, foi reivindicado que casos cr\u00f4nicos e que necessitem de tratamentos cont\u00ednuos sejam tratados de forma diferenciada.<\/p>\n<p style=\"text-align: justify;\">As associa\u00e7\u00f5es refor\u00e7am que os associados que tiverem problemas devem continuar registrando suas reclama\u00e7\u00f5es nos canais de atendimento da Cabesp e procurem as associa\u00e7\u00f5es para que possa ser feitas as interven\u00e7\u00f5es necess\u00e1rias.<\/p>\n<p style=\"text-align: justify;\">No que diz respeito \u00e0s mudan\u00e7as na rede credenciada, a dire\u00e7\u00e3o da Cabesp explicou que ela est\u00e1 sendo revista por uma exig\u00eancia da ANS, que obriga renova\u00e7\u00e3o da documenta\u00e7\u00e3o com a confec\u00e7\u00e3o de um novo contrato. Com isso, v\u00e1rios m\u00e9dicos est\u00e3o se descredenciando por n\u00e3o querer firm\u00e1-lo novamente.<\/p>\n<p style=\"text-align: justify;\">Tamb\u00e9m h\u00e1 os profissionais que n\u00e3o atenderam pela Cabesp nos \u00faltimos 12 meses. Nesses casos, a Caixa comunica ao profissional sobre a determina\u00e7\u00e3o da Ag\u00eancia, e se tiver interesse em permanecer na rede deve mandar o novo contrato para n\u00e3o ser descredenciado.<\/p>\n<p style=\"text-align: justify;\">Sobre a quest\u00e3o dos autopatrocinados, o assunto foi tratado de forma muito superficial por conta da extens\u00e3o da reuni\u00e3o. Para tratar exclusivamente sobre isso, foi agendado um novo encontro para dia 9, \u00e0s 11h, com as entidades e o grupo que iniciou as discuss\u00f5es e que se manifestou sobre o tema na \u00faltima assembleia.<\/p>\n<p style=\"text-align: justify;\">De qualquer forma, a presidente da Cabesp adiantou a resposta do Santander sobre as reivindica\u00e7\u00f5es do segmento em rela\u00e7\u00e3o \u00e0 aplica\u00e7\u00e3o do Art.31, Lei 9656\/98, que assegura ao aposentado o direito de manuten\u00e7\u00e3o como benefici\u00e1rio, nas mesmas condi\u00e7\u00f5es de cobertura, para aqueles que tinham v\u00ednculo empregat\u00edcio por pelo menos 10 anos.<\/p>\n<p style=\"text-align: justify;\">Maria Lucia disse que h\u00e1 possibilidade de resolver o problema, mas que para isso ser\u00e1 necess\u00e1ria uma altera\u00e7\u00e3o estatut\u00e1ria que trataria de 3 pilares: elegibilidade, governan\u00e7a e custeio.<\/p>\n<p style=\"text-align: justify;\">Feita a reforma neste sentido, aprovada em assembleia, o banco diz concordar parcialmente com a inclus\u00e3o de novos dependentes na assist\u00eancia direta, desde que seja o c\u00f4njuge ou companheiro(a) e filhos do titular menores de idade.<\/p>\n<p style=\"text-align: justify;\">Rejeita incluir pais ou irm\u00e3os como dependentes e n\u00e3o concede o direito de votar e ser votado.<\/p>\n<p style=\"text-align: justify;\">Al\u00e9m disso, o Santander aceita estudar a incid\u00eancia da taxa de contribui\u00e7\u00e3o devida \u00e0 Cabesp sobre o INSS e o valor da complementa\u00e7\u00e3o paga pelo Banesprev. Por\u00e9m, condicionado ao impacto econ\u00f4mico \u00e0 Cabesp que dever\u00e1 ser apurado mediante levantamento atuarial.<\/p>\n<p>Fonte: Afubesp<\/p>\n","protected":false},"excerpt":{"rendered":"<p class=\"excerpt\">Em reuni\u00e3o ocorrida na segunda-feira, dia 29 de julho, na sede da Cabesp, as entidades de representa\u00e7\u00e3o dos associados deixaram claro para a presidente da Caixa Beneficente, Maria Lucia Ettore, que n\u00e3o aceitam o conv\u00eanio de exclusividade que pretendem firmar com a Dasa, empresa de medicina de diagn\u00f3stica (que engloba Delboni Auriemo, Lavoisier e Salom\u00e3o [&hellip;]<\/p>\n","protected":false},"author":2,"featured_media":10345,"comment_status":"closed","ping_status":"closed","sticky":false,"template":"","format":"standard","meta":{"_et_pb_use_builder":"","_et_pb_old_content":"","_et_gb_content_width":"","footnotes":""},"categories":[13],"tags":[],"class_list":["post-10344","post","type-post","status-publish","format-standard","has-post-thumbnail","hentry","category-noticias"],"_links":{"self":[{"href":"https:\/\/sjcbancarios.com.br\/site\/wp-json\/wp\/v2\/posts\/10344","targetHints":{"allow":["GET"]}}],"collection":[{"href":"https:\/\/sjcbancarios.com.br\/site\/wp-json\/wp\/v2\/posts"}],"about":[{"href":"https:\/\/sjcbancarios.com.br\/site\/wp-json\/wp\/v2\/types\/post"}],"author":[{"embeddable":true,"href":"https:\/\/sjcbancarios.com.br\/site\/wp-json\/wp\/v2\/users\/2"}],"replies":[{"embeddable":true,"href":"https:\/\/sjcbancarios.com.br\/site\/wp-json\/wp\/v2\/comments?post=10344"}],"version-history":[{"count":0,"href":"https:\/\/sjcbancarios.com.br\/site\/wp-json\/wp\/v2\/posts\/10344\/revisions"}],"wp:featuredmedia":[{"embeddable":true,"href":"https:\/\/sjcbancarios.com.br\/site\/wp-json\/wp\/v2\/media\/10345"}],"wp:attachment":[{"href":"https:\/\/sjcbancarios.com.br\/site\/wp-json\/wp\/v2\/media?parent=10344"}],"wp:term":[{"taxonomy":"category","embeddable":true,"href":"https:\/\/sjcbancarios.com.br\/site\/wp-json\/wp\/v2\/categories?post=10344"},{"taxonomy":"post_tag","embeddable":true,"href":"https:\/\/sjcbancarios.com.br\/site\/wp-json\/wp\/v2\/tags?post=10344"}],"curies":[{"name":"wp","href":"https:\/\/api.w.org\/{rel}","templated":true}]}}