{"id":10333,"date":"2019-08-01T10:48:01","date_gmt":"2019-08-01T13:48:01","guid":{"rendered":"http:\/\/sjcbancarios.com.br\/site\/?p=10333"},"modified":"2019-08-01T10:51:53","modified_gmt":"2019-08-01T13:51:53","slug":"copom-reduz-taxa-basica-de-juros-para-6-ao-ano-primeiro-corte-em-16-meses","status":"publish","type":"post","link":"https:\/\/sjcbancarios.com.br\/site\/noticias\/copom-reduz-taxa-basica-de-juros-para-6-ao-ano-primeiro-corte-em-16-meses\/","title":{"rendered":"Copom reduz taxa b\u00e1sica de juros para 6% ao ano, primeiro corte em 16 meses"},"content":{"rendered":"<p style=\"text-align: justify;\"><strong>BC havia colocado como condi\u00e7\u00e3o para o novo ciclo de cortes o avan\u00e7o da reforma da Previd\u00eancia<\/strong><br \/>\nCom a aprova\u00e7\u00e3o da reforma da Previd\u00eancia em primeiro turno na C\u00e2mara, o Banco Central anunciou nesta quarta-feira (31) o primeiro corte na taxa b\u00e1sica de juros no governo Jair Bolsonaro.<\/p>\n<p style=\"text-align: justify;\">De acordo com a institui\u00e7\u00e3o, essa dever\u00e1 ser a primeira de uma s\u00e9rie de redu\u00e7\u00f5es que depender\u00e3o do andamento dessa e de outras reformas na \u00e1rea econ\u00f4mica.<\/p>\n<p style=\"text-align: justify;\">Em decis\u00e3o un\u00e2nime do Copom (Comit\u00ea de Pol\u00edtica Monet\u00e1ria), a Selic caiu de 6,5% para 6% ao ano. Esse \u00e9 o menor patamar desde que a taxa passou a ser utilizada como instrumento de pol\u00edtica monet\u00e1ria, em 1999.<\/p>\n<p style=\"text-align: justify;\">Para esta reuni\u00e3o do comit\u00ea, as proje\u00e7\u00f5es do mercado estavam praticamente divididas entre um corte de 0,25 ou 0,50 ponto percentual. Agora, a expectativa dos analistas \u00e9 de juros pr\u00f3ximos de 5,5% ao ano no final de 2019.<\/p>\n<p style=\"text-align: justify;\">\u201cO Copom reitera que a conjuntura econ\u00f4mica prescreve pol\u00edtica monet\u00e1ria estimulativa, ou seja, com taxas de juros abaixo da taxa estrutural\u201d, afirma o BC em seu comunicado.<\/p>\n<p style=\"text-align: justify;\">A institui\u00e7\u00e3o tamb\u00e9m sinalizou que haver\u00e1 novos cortes. \u201cO Comit\u00ea avalia que a consolida\u00e7\u00e3o do cen\u00e1rio benigno para a infla\u00e7\u00e3o prospectiva dever\u00e1 permitir ajuste adicional no grau de est\u00edmulo.\u201d<\/p>\n<p style=\"text-align: justify;\">Tamb\u00e9m nesta quarta-feira, o Federal Reserve (Fed), banco central americano, cortou a taxa de juros, para uma faixa de 2 a 2,25%. Foi a primeira redu\u00e7\u00e3o desde a crise financeira que atingiu o pa\u00eds no final de 2008.<\/p>\n<p style=\"text-align: justify;\">Apesar da economia fraca, da infla\u00e7\u00e3o abaixo da meta e da expectativa de queda de juros americanos e europeus, , o BC havia condicionado um corte na taxa \u00e0 continuidade da agenda de reformas.<\/p>\n<p style=\"text-align: justify;\">Segundo a institui\u00e7\u00e3o, uma eventual frustra\u00e7\u00e3o das expectativas de aprova\u00e7\u00e3o da Previd\u00eancia pode afetar pr\u00eamios de risco e elevar a trajet\u00f3ria da infla\u00e7\u00e3o, hoje sob controle.<\/p>\n<p style=\"text-align: justify;\">\u201cO Copom reconhece que o processo de reformas e ajustes necess\u00e1rios na economia brasileira tem avan\u00e7ado, mas enfatiza que a continuidade desse processo \u00e9 essencial para a queda da taxa de juros estrutural e para a recupera\u00e7\u00e3o sustent\u00e1vel da economia.\u201d<\/p>\n<p style=\"text-align: justify;\">O Comit\u00ea disse ainda que avan\u00e7os concretos nessa agenda s\u00e3o fundamentais para consolida\u00e7\u00e3o do cen\u00e1rio benigno para a infla\u00e7\u00e3o.<\/p>\n<p style=\"text-align: justify;\">O BC enfatizou ainda o risco de uma eventual frustra\u00e7\u00e3o das expectativas sobre a continuidade das reformas, o que pode afetar pr\u00eamios de risco e elevar a trajet\u00f3ria da infla\u00e7\u00e3o.<\/p>\n<p style=\"text-align: justify;\">De acordo com o BC, as expectativas de infla\u00e7\u00e3o para 2019 e 2020 est\u00e3o abaixo das metas para esses dois anos. O IPCA nos \u00faltimos 12 meses est\u00e1 em 3,37%, para uma meta de 4,25%.<\/p>\n<p style=\"text-align: justify;\">\u201cCom essa proje\u00e7\u00e3o da infla\u00e7\u00e3o de 3,6% em 2019, tem espa\u00e7o para cortar mais. Cada corte de um ponto percentual na Selic tem um impacto de 0,3% na infla\u00e7\u00e3o\u201d, diz Jankiel dos Santos, economista do Santander.<\/p>\n<p style=\"text-align: justify;\">A institui\u00e7\u00e3o financeira projeta mais dois cortes neste ano, o que levaria a taxa a 5% ao final de 2019, patamar que deve ser mantido em 2020.<\/p>\n<p style=\"text-align: justify;\">Segundo o economista, o cen\u00e1rio de redu\u00e7\u00e3o de juros muda apenas se a reforma da Previd\u00eancia n\u00e3o passar no Senado ou se as demais economias globais encerrarem o ciclo de cortes.<\/p>\n<p style=\"text-align: justify;\">A XP Investimentos est\u00e1 entre as institui\u00e7\u00f5es que esperavam um corte de 0,25 ponto percentual.<\/p>\n<p style=\"text-align: justify;\">\u201cAch\u00e1vamos mais adequada uma redu\u00e7\u00e3o gradual, pois n\u00e3o prev\u00edamos um avan\u00e7o t\u00e3o r\u00e1pido da reforma da Previd\u00eancia quanto aconteceu\u201d, afirma Marcos Ross, economista da corretora.<\/p>\n<p style=\"text-align: justify;\">O texto-base do projeto foi aprovado em primeiro turno no plen\u00e1rio da C\u00e2mara em 10 de julho, antes do recesso parlamentar, e ainda ser\u00e1 votado novamente pelos deputados antes de ir ao Senado.<\/p>\n<p style=\"text-align: justify;\">Al\u00e9m disso, para a XP, o BC poderia testar taxas de juros mais baixas por mais tempo com cortes graduais.<\/p>\n<p style=\"text-align: justify;\">\u201cCortando mais e mais r\u00e1pido, a Selic tem menos espa\u00e7o de ficar em 5% por mais tempo\u201d, diz Ross.<\/p>\n<p style=\"text-align: justify;\">Com decis\u00e3o desta quarta, a corretora v\u00ea espa\u00e7o, inclusive, para a taxa chegar a 4,5% em dezembro, caso os dados de infla\u00e7\u00e3o e atividade econ\u00f4mica n\u00e3o decepcionem e a reforma da Previd\u00eancia seja aprovada. O cen\u00e1rio base, no entanto, \u00e9 que a taxa termine o ano a 5%.<\/p>\n<p style=\"text-align: justify;\">\u201cN\u00e3o \u00e9 porque voc\u00ea corta o juro que tudo vai andar bem na economia. O corte \u00e9 um dos elementos favor\u00e1veis, pois ele deixa o cr\u00e9dito mais barato e empresas mais confiantes. Para al\u00e9m da pol\u00edtica monet\u00e1ria, que n\u00e3o traz crescimento estrutural, dependemos das pautas reformistas\u201d, afirma o economista.<\/p>\n<p style=\"text-align: justify;\">Andr\u00e9 Perfeito, economista-chefe da Necton, tamb\u00e9m afirma que o BC adotou uma postura bastante ousada ao iniciar um novo ciclo de cortes com uma redu\u00e7\u00e3o de 0,50 ponto percentual e falar em ajuste adicional no grau de est\u00edmulo. Principalmente diante dos riscos que ainda existem para a tramita\u00e7\u00e3o de reforma da Previd\u00eancia.<\/p>\n<p style=\"text-align: justify;\">Para ele, seria mais prudente \u201ccolocar o p\u00e9 na \u00e1gua primeiro\u201d, antes de dar um mergulho dessa magnitude.<br \/>\nEm rela\u00e7\u00e3o aos efeitos da pol\u00edtica monet\u00e1ria sobre o crescimento do pa\u00eds, Jankiel, do Santander, afirma que h\u00e1 uma defasagem at\u00e9 que a medida possa impactar no cr\u00e9dito e outros indicadores.<\/p>\n<p style=\"text-align: justify;\">\u201cS\u00e3o tr\u00eas trimestres at\u00e9 vermos um impacto pr\u00e1tico desta redu\u00e7\u00e3o. Se eu corto juros hoje, at\u00e9 o consumidor perceber que est\u00e1 mais barato, demora\u201d, afirma Jankiel.<\/p>\n<p style=\"text-align: justify;\">Em seu comunicado, o BC afirmou que indicadores recentes sugerem possibilidade de retomada do processo de recupera\u00e7\u00e3o da economia em ritmo gradual.<\/p>\n<p style=\"text-align: justify;\">Antecipando-se ao BC brasileiro, a Caixa anunciou mais cedo um novo corte nos juros em linhas para pessoas f\u00edsicas e empresas.<\/p>\n<p style=\"text-align: justify;\">Ap\u00f3s o resultado do Copom, o Ita\u00fa Unibanco tamb\u00e9m anunciou redu\u00e7\u00e3o nas taxas de juros de suas linhas de cr\u00e9dito e disse que est\u00e1 repassando integralmente a seus clientes o corte na taxa b\u00e1sica. Para pessoa f\u00edsica, a redu\u00e7\u00e3o ser\u00e1 no empr\u00e9stimo pessoal. Para pessoas jur\u00eddicas, no capital de giro.<\/p>\n<p style=\"text-align: justify;\">Tamb\u00e9m nesta quarta, antes do an\u00fancio do BC, o presidente Jair Bolsonaro afirmou que estava torcendo por um corte de juros, mas disse que n\u00e3o iria influenciar na decis\u00e3o. \u201cN\u00e3o sou o \u2018Dilmo\u2019 de cal\u00e7a comprida\u201d, disse.<\/p>\n<p style=\"text-align: justify;\">A pr\u00f3xima reuni\u00e3o do Copom est\u00e1 marcada para os dias 17 e 18 de setembro. O comit\u00ea ainda tem outras duas reuni\u00f5es neste ano, em outubro e dezembro.<\/p>\n<p style=\"text-align: justify;\">Fonte:CONTEC<\/p>\n","protected":false},"excerpt":{"rendered":"<p class=\"excerpt\">BC havia colocado como condi\u00e7\u00e3o para o novo ciclo de cortes o avan\u00e7o da reforma da Previd\u00eancia Com a aprova\u00e7\u00e3o da reforma da Previd\u00eancia em primeiro turno na C\u00e2mara, o Banco Central anunciou nesta quarta-feira (31) o primeiro corte na taxa b\u00e1sica de juros no governo Jair Bolsonaro. De acordo com a institui\u00e7\u00e3o, essa dever\u00e1 [&hellip;]<\/p>\n","protected":false},"author":2,"featured_media":10335,"comment_status":"closed","ping_status":"closed","sticky":false,"template":"","format":"standard","meta":{"_et_pb_use_builder":"","_et_pb_old_content":"","_et_gb_content_width":"","footnotes":""},"categories":[13],"tags":[],"class_list":["post-10333","post","type-post","status-publish","format-standard","has-post-thumbnail","hentry","category-noticias"],"_links":{"self":[{"href":"https:\/\/sjcbancarios.com.br\/site\/wp-json\/wp\/v2\/posts\/10333","targetHints":{"allow":["GET"]}}],"collection":[{"href":"https:\/\/sjcbancarios.com.br\/site\/wp-json\/wp\/v2\/posts"}],"about":[{"href":"https:\/\/sjcbancarios.com.br\/site\/wp-json\/wp\/v2\/types\/post"}],"author":[{"embeddable":true,"href":"https:\/\/sjcbancarios.com.br\/site\/wp-json\/wp\/v2\/users\/2"}],"replies":[{"embeddable":true,"href":"https:\/\/sjcbancarios.com.br\/site\/wp-json\/wp\/v2\/comments?post=10333"}],"version-history":[{"count":0,"href":"https:\/\/sjcbancarios.com.br\/site\/wp-json\/wp\/v2\/posts\/10333\/revisions"}],"wp:featuredmedia":[{"embeddable":true,"href":"https:\/\/sjcbancarios.com.br\/site\/wp-json\/wp\/v2\/media\/10335"}],"wp:attachment":[{"href":"https:\/\/sjcbancarios.com.br\/site\/wp-json\/wp\/v2\/media?parent=10333"}],"wp:term":[{"taxonomy":"category","embeddable":true,"href":"https:\/\/sjcbancarios.com.br\/site\/wp-json\/wp\/v2\/categories?post=10333"},{"taxonomy":"post_tag","embeddable":true,"href":"https:\/\/sjcbancarios.com.br\/site\/wp-json\/wp\/v2\/tags?post=10333"}],"curies":[{"name":"wp","href":"https:\/\/api.w.org\/{rel}","templated":true}]}}